{"id":132755,"date":"2020-02-28T12:20:46","date_gmt":"2020-02-28T10:20:46","guid":{"rendered":"http:\/\/sana.sy\/es\/?p=132755"},"modified":"2020-02-28T23:08:40","modified_gmt":"2020-02-28T21:08:40","slug":"ejercito-prosigue-sus-operativos-contra-los-terroristas-protucos-en-saraqueb-idleb","status":"publish","type":"post","link":"https:\/\/archive.sana.sy\/es\/?p=132755","title":{"rendered":"Ej\u00e9rcito prosigue sus operativos contra los terroristas protucos en Saraqueb, Idleb"},"content":{"rendered":"<p style=\"text-align: justify;\"><span style=\"color: #800000;\"><strong><span lang=\"ES\">Idleb, SANA<\/span><\/strong><\/span><\/p>\n<p style=\"text-align: justify;\"><span lang=\"ES\">Unidades del ej\u00e9rcito \u00e1rabe sirio prosiguen sus operaciones contra las organizaciones terroristas apadrinadas por el r\u00e9gimen turco en la provincia de Idleb, 335 akm al norte de la capital Damasco.<\/span><\/p>\n<p style=\"text-align: justify;\"><span lang=\"ES\">El corresponsal de SANA report\u00f3 que los militares asestaron ataques con varios tipos de armas contra las posiciones y rustas de traslado de los radicales proturcos en el frente del municipio de Saraqueb, en el sudeste de Idleb.<\/span><\/p>\n<p style=\"text-align: justify;\"><span lang=\"ES\">Los terroristas sufrieron bajas y p\u00e9rdidas, indic\u00f3.<\/span><\/p>\n<p style=\"text-align: justify;\"><span lang=\"ES\">Anteriormente, el periodista hab\u00eda reportado que las fuerzas del r\u00e9gimen turco est\u00e1n involucradas directamente en los principales ataques de organizaciones terroristas contra el ej\u00e9rcito \u00e1rabe sirio en Idleb y los soldados turcos se integran en las filas de terroristas.<\/span><\/p>\n<p style=\"text-align: justify;\"><span lang=\"ES\">Una fuente militar denunci\u00f3 el jueves que los terroristas est\u00e1n disparando misiles antia\u00e9reos port\u00e1tiles de fabricaci\u00f3n estadounidense y con apoyo turco contra los aviones de combates sirios y rusos.<\/span><\/p>\n<p style=\"text-align: justify;\"><span style=\"color: #0000ff;\"><strong>F. M.\/ A. H.<\/strong><\/span><\/p>\n","protected":false},"excerpt":{"rendered":"<p>Idleb, SANA Unidades del ej\u00e9rcito \u00e1rabe sirio prosiguen sus operaciones contra las organizaciones terroristas apadrinadas por el r\u00e9gimen turco en la provincia de Idleb, 335 akm al norte de la capital Damasco. El corresponsal de SANA report\u00f3 que los militares asestaron ataques con varios tipos de armas contra las posiciones y rustas de traslado de &hellip;<\/p>\n","protected":false},"author":30,"featured_media":132857,"comment_status":"closed","ping_status":"closed","sticky":false,"template":"","format":"standard","meta":{"footnotes":""},"categories":[597,573,583],"tags":[17608],"class_list":["post-132755","post","type-post","status-publish","format-standard","has-post-thumbnail","","category-cinta-de-noticias","category-la-realidad-de-los-acontecimientos-en-siria","category-slide","tag-ejercito-prosigue-sus-operativos-contra-los-terroristas-protucos-en-saraquebidleb"],"_links":{"self":[{"href":"https:\/\/archive.sana.sy\/es\/index.php?rest_route=\/wp\/v2\/posts\/132755"}],"collection":[{"href":"https:\/\/archive.sana.sy\/es\/index.php?rest_route=\/wp\/v2\/posts"}],"about":[{"href":"https:\/\/archive.sana.sy\/es\/index.php?rest_route=\/wp\/v2\/types\/post"}],"author":[{"embeddable":true,"href":"https:\/\/archive.sana.sy\/es\/index.php?rest_route=\/wp\/v2\/users\/30"}],"replies":[{"embeddable":true,"href":"https:\/\/archive.sana.sy\/es\/index.php?rest_route=%2Fwp%2Fv2%2Fcomments&post=132755"}],"version-history":[{"count":0,"href":"https:\/\/archive.sana.sy\/es\/index.php?rest_route=\/wp\/v2\/posts\/132755\/revisions"}],"wp:featuredmedia":[{"embeddable":true,"href":"https:\/\/archive.sana.sy\/es\/index.php?rest_route=\/wp\/v2\/media\/132857"}],"wp:attachment":[{"href":"https:\/\/archive.sana.sy\/es\/index.php?rest_route=%2Fwp%2Fv2%2Fmedia&parent=132755"}],"wp:term":[{"taxonomy":"category","embeddable":true,"href":"https:\/\/archive.sana.sy\/es\/index.php?rest_route=%2Fwp%2Fv2%2Fcategories&post=132755"},{"taxonomy":"post_tag","embeddable":true,"href":"https:\/\/archive.sana.sy\/es\/index.php?rest_route=%2Fwp%2Fv2%2Ftags&post=132755"}],"curies":[{"name":"wp","href":"https:\/\/api.w.org\/{rel}","templated":true}]}}