{"id":132784,"date":"2020-02-29T04:37:24","date_gmt":"2020-02-29T02:37:24","guid":{"rendered":"http:\/\/sana.sy\/es\/?p=132784"},"modified":"2020-02-29T07:11:07","modified_gmt":"2020-02-29T05:11:07","slug":"fuente-militar-ejercito-continua-su-respuesta-resuelta-a-la-ofensiva-terrorista-en-el-eje-de-saraqueb","status":"publish","type":"post","link":"https:\/\/archive.sana.sy\/es\/?p=132784","title":{"rendered":"Los terroristas y sus amos turcos exageran las p\u00e9rdidas sufridas por el ej\u00e9rcito sirio para encubrir sus derrotas"},"content":{"rendered":"<p style=\"text-align: justify;\"><span style=\"color: #800000;\"><strong>Damasco, SANA<\/strong><\/span><\/p>\n<p style=\"text-align: justify;\">Una fuente militar afirm\u00f3 que las unidades del ej\u00e9rcito \u00e1rabe sirio contin\u00faan su confrontaci\u00f3n a los repetidas ataques de organizaciones terroristas apoyadas directamente por el r\u00e9gimen turco, en el frente de la ciudad de Saraqueb en la provincia de Idleb.<\/p>\n<p style=\"text-align: justify;\">\u201cPara encubrir el fracaso en lograr lo que Erdogan alardeaba en Idleb despu\u00e9s de las recientes victorias del ej\u00e9rcito, los terroristas y sus amos turcos exageran las p\u00e9rdidas sufridas por el ej\u00e9rcito en su respuesta ataque turco-terrorista\u201d, se\u00f1al\u00f3 la fuente.<\/p>\n<p style=\"text-align: justify;\">La fuente denunci\u00f3 que \u201cellos pretenden opacar la realidad sobre las grandes p\u00e9rdidas que sufrieron en vidas y material b\u00e9lico durante las batallas\u201d.<\/p>\n<p style=\"text-align: justify;\">Ratific\u00f3 que el ej\u00e9rcito \u00e1rabe sirio est\u00e1 decidido a cumplir sus deberes nacionales en la defensa de la patria y los ciudadanos y limpiar toda la geograf\u00eda siria del terrorismo en sus diversas formas y nominaciones\u201d.<\/p>\n<p style=\"text-align: justify;\"><span style=\"color: #0000ff;\"><strong>A.H\/R.Sh\/F.M<\/strong><\/span><\/p>\n","protected":false},"excerpt":{"rendered":"<p>Damasco, SANA Una fuente militar afirm\u00f3 que las unidades del ej\u00e9rcito \u00e1rabe sirio contin\u00faan su confrontaci\u00f3n a los repetidas ataques de organizaciones terroristas apoyadas directamente por el r\u00e9gimen turco, en el frente de la ciudad de Saraqueb en la provincia de Idleb. \u201cPara encubrir el fracaso en lograr lo que Erdogan alardeaba en Idleb despu\u00e9s &hellip;<\/p>\n","protected":false},"author":30,"featured_media":132783,"comment_status":"closed","ping_status":"closed","sticky":false,"template":"","format":"standard","meta":{"footnotes":""},"categories":[597,476,7541],"tags":[17613],"class_list":["post-132784","post","type-post","status-publish","format-standard","has-post-thumbnail","","category-cinta-de-noticias","category-locales","category-ultimas-noticias","tag-fuente-militar-ejercito-continua-su-respuesta-resuelta-a-la-ofensiva-terrorista-en-el-eje-de-saraqueb"],"_links":{"self":[{"href":"https:\/\/archive.sana.sy\/es\/index.php?rest_route=\/wp\/v2\/posts\/132784"}],"collection":[{"href":"https:\/\/archive.sana.sy\/es\/index.php?rest_route=\/wp\/v2\/posts"}],"about":[{"href":"https:\/\/archive.sana.sy\/es\/index.php?rest_route=\/wp\/v2\/types\/post"}],"author":[{"embeddable":true,"href":"https:\/\/archive.sana.sy\/es\/index.php?rest_route=\/wp\/v2\/users\/30"}],"replies":[{"embeddable":true,"href":"https:\/\/archive.sana.sy\/es\/index.php?rest_route=%2Fwp%2Fv2%2Fcomments&post=132784"}],"version-history":[{"count":0,"href":"https:\/\/archive.sana.sy\/es\/index.php?rest_route=\/wp\/v2\/posts\/132784\/revisions"}],"wp:featuredmedia":[{"embeddable":true,"href":"https:\/\/archive.sana.sy\/es\/index.php?rest_route=\/wp\/v2\/media\/132783"}],"wp:attachment":[{"href":"https:\/\/archive.sana.sy\/es\/index.php?rest_route=%2Fwp%2Fv2%2Fmedia&parent=132784"}],"wp:term":[{"taxonomy":"category","embeddable":true,"href":"https:\/\/archive.sana.sy\/es\/index.php?rest_route=%2Fwp%2Fv2%2Fcategories&post=132784"},{"taxonomy":"post_tag","embeddable":true,"href":"https:\/\/archive.sana.sy\/es\/index.php?rest_route=%2Fwp%2Fv2%2Ftags&post=132784"}],"curies":[{"name":"wp","href":"https:\/\/api.w.org\/{rel}","templated":true}]}}