{"id":132807,"date":"2020-02-28T17:36:51","date_gmt":"2020-02-28T15:36:51","guid":{"rendered":"http:\/\/sana.sy\/es\/?p=132807"},"modified":"2020-02-29T06:56:18","modified_gmt":"2020-02-29T04:56:18","slug":"cancilleria-el-apoyo-al-terrorismo-se-convirtio-en-una-estrategia-de-las-politicas-del-regimen-turco-y-de-occidente-para-alcanzar-sus-sordidos-fines","status":"publish","type":"post","link":"https:\/\/archive.sana.sy\/es\/?p=132807","title":{"rendered":"Canciller\u00eda: El apoyo al terrorismo se convirti\u00f3 en estrategia del r\u00e9gimen turco para alcanzar sus s\u00f3rdidos fines"},"content":{"rendered":"<p style=\"text-align: justify;\"><span style=\"color: #800000;\"><strong>Damasco, SANA<\/strong><\/span><\/p>\n<p style=\"text-align: justify;\">El Ministerio de Exteriores y Expatriados declar\u00f3 que \u201cla campa\u00f1a de desinformaci\u00f3n llevada a cabo en los \u00faltimos d\u00edas por Turqu\u00eda y los pa\u00edses occidentales contra la Rep\u00fablica \u00c1rabe Siria demostr\u00f3 el gran apoyo que brindaron en los \u00faltimos a\u00f1os y el que siguen brindando en la actualidad a los grupos terroristas armados&#8221;.<\/p>\n<p style=\"text-align: justify;\">\u201cCon este apoyo, esos pa\u00edses apostaron por el \u00e9xito de sus planes hostiles al pueblo sirio que aspira a eliminar el terrorismo y preservar su soberan\u00eda y estabilidad\u201d, afirm\u00f3 Canciller\u00eda en un comunicado.<\/p>\n<p style=\"text-align: justify;\">A\u00f1adi\u00f3 que la exageraci\u00f3n de los medios turcos y occidentales respecto a las p\u00e9rdidas sufridas por el ej\u00e9rcito \u00e1rabe sirio en las batallas que se libran en la ciudad de Saraqueb representa un reconocimiento oficial de la participaci\u00f3n de las fuerzas de Turqu\u00eda en la lucha junto a los grupos terroristas radicales.<\/p>\n<p style=\"text-align: justify;\">\u201cEsto confirma tambi\u00e9n el incumplimiento por parte de Turqu\u00eda de sus obligaciones en virtud del Acuerdo de Sochi\u201d agreg\u00f3 el comunicado.<\/p>\n<p style=\"text-align: justify;\">Afirm\u00f3 que los logros alcanzados por el ej\u00e9rcito sirio contra el terrorismo con el apoyo de sus aliados y la reapertura de la autopista entre Alepo y Damasco y del aeropuerto internacional de Alepo, adem\u00e1s de la recuperaci\u00f3n del control sobre m\u00e1s de 230 localidades en las provincias de Idleb, Alepo y Hama y la ulterior histeria turca y occidental, todo ello revel\u00f3 sin duda que el apoyo al terrorismo se convirti\u00f3 en una estrategia coherente de esos pa\u00edses para alcanzar sus objetivos s\u00f3rdidos y moralmente inaceptables.<\/p>\n<p style=\"text-align: justify;\">\u201cEsos objetivos son en palabras y hechos contrarios al contenido del derecho internacional y los derechos humanos\u201d, reafirm\u00f3.<\/p>\n<p style=\"text-align: justify;\">Canciller\u00eda concluy\u00f3 su declaraci\u00f3n con afirmar que el ej\u00e9rcito sirio, que en las \u00faltimas semanas logr\u00f3 liberar a millones de ciudadanos de la amenaza terrorista, seguir\u00e1 llevando a cabo sus tareas de poner fin a la presencia terrorista en toda Siria y no permitir que los pa\u00edses occidentales y sus herramientas establezcan el control de estos terroristas sobre nuestro pueblo y su destino.<\/p>\n<p style=\"text-align: justify;\"><span style=\"color: #0000ff;\"><strong>A.H\/R.Sh\/F.M<\/strong><\/span><\/p>\n","protected":false},"excerpt":{"rendered":"<p>Damasco, SANA El Ministerio de Exteriores y Expatriados declar\u00f3 que \u201cla campa\u00f1a de desinformaci\u00f3n llevada a cabo en los \u00faltimos d\u00edas por Turqu\u00eda y los pa\u00edses occidentales contra la Rep\u00fablica \u00c1rabe Siria demostr\u00f3 el gran apoyo que brindaron en los \u00faltimos a\u00f1os y el que siguen brindando en la actualidad a los grupos terroristas armados&#8221;. &hellip;<\/p>\n","protected":false},"author":30,"featured_media":132808,"comment_status":"closed","ping_status":"closed","sticky":false,"template":"","format":"standard","meta":{"footnotes":""},"categories":[597,476,7541],"tags":[17614],"class_list":["post-132807","post","type-post","status-publish","format-standard","has-post-thumbnail","","category-cinta-de-noticias","category-locales","category-ultimas-noticias","tag-cancilleria-el-apoyo-al-terrorismo-se-convirtio-en-una-estrategia-de-las-politicas-del-regimen-turco-y-de-occidente-para-alcanzar-sus-sordidos-fines"],"_links":{"self":[{"href":"https:\/\/archive.sana.sy\/es\/index.php?rest_route=\/wp\/v2\/posts\/132807"}],"collection":[{"href":"https:\/\/archive.sana.sy\/es\/index.php?rest_route=\/wp\/v2\/posts"}],"about":[{"href":"https:\/\/archive.sana.sy\/es\/index.php?rest_route=\/wp\/v2\/types\/post"}],"author":[{"embeddable":true,"href":"https:\/\/archive.sana.sy\/es\/index.php?rest_route=\/wp\/v2\/users\/30"}],"replies":[{"embeddable":true,"href":"https:\/\/archive.sana.sy\/es\/index.php?rest_route=%2Fwp%2Fv2%2Fcomments&post=132807"}],"version-history":[{"count":0,"href":"https:\/\/archive.sana.sy\/es\/index.php?rest_route=\/wp\/v2\/posts\/132807\/revisions"}],"wp:featuredmedia":[{"embeddable":true,"href":"https:\/\/archive.sana.sy\/es\/index.php?rest_route=\/wp\/v2\/media\/132808"}],"wp:attachment":[{"href":"https:\/\/archive.sana.sy\/es\/index.php?rest_route=%2Fwp%2Fv2%2Fmedia&parent=132807"}],"wp:term":[{"taxonomy":"category","embeddable":true,"href":"https:\/\/archive.sana.sy\/es\/index.php?rest_route=%2Fwp%2Fv2%2Fcategories&post=132807"},{"taxonomy":"post_tag","embeddable":true,"href":"https:\/\/archive.sana.sy\/es\/index.php?rest_route=%2Fwp%2Fv2%2Ftags&post=132807"}],"curies":[{"name":"wp","href":"https:\/\/api.w.org\/{rel}","templated":true}]}}