{"id":132810,"date":"2020-02-28T17:34:47","date_gmt":"2020-02-28T15:34:47","guid":{"rendered":"http:\/\/sana.sy\/es\/?p=132810"},"modified":"2020-02-29T07:00:27","modified_gmt":"2020-02-29T05:00:27","slug":"el-kremlin-putin-examina-la-situacion-en-idleb-con-el-consejo-de-seguridad-ruso","status":"publish","type":"post","link":"https:\/\/archive.sana.sy\/es\/?p=132810","title":{"rendered":"Kremlin: Putin examina la situaci\u00f3n en Idleb con el Consejo de Seguridad ruso"},"content":{"rendered":"<p><span style=\"color: #800000;\">Mosc\u00fa, SANA<\/span><\/p>\n<p style=\"text-align: justify;\">El presidente ruso, Vlad\u00edmir Putin, mantuvo una reuni\u00f3n con el Consejo de Seguridad de Rusia para analizar la situaci\u00f3n en la provincia siria de Idleb, declar\u00f3 el portavoz del Kremlin, Dmitri Peskov.<\/p>\n<p style=\"text-align: justify;\">La reuni\u00f3n tuvo lugar despu\u00e9s de que el r\u00e9gimen turco admitiera la muerte de 33 de sus soldados en Idleb y la lesi\u00f3n de otros 32 que se encontraban en las zonas con presencia terrorista.<\/p>\n<p style=\"text-align: justify;\">Peskov explic\u00f3 que durante la reuni\u00f3n se examin\u00f3 en detalles la situaci\u00f3n en Idleb y se expres\u00f3 una profunda preocupaci\u00f3n, dada la escalada de la situaci\u00f3n en esta regi\u00f3n de Siria, con la provocaci\u00f3n de grupos terroristas que aumentaron sus ataques contra el ej\u00e9rcito sirio.<\/p>\n<p style=\"text-align: justify;\">El vocero ruso agreg\u00f3 que los soldados turcos estaban junto a los grupos terroristas en cuyas filas hay muchos mercenarios extranjeros, incluidos antiguos ciudadanos de la Uni\u00f3n Sovi\u00e9tica.<\/p>\n<p style=\"text-align: justify;\">Se\u00f1al\u00f3 que Ankara no hab\u00eda informado a la parte rusa de la presencia de sus soldados en estas \u00e1reas a pesar de sus reiteradas solicitudes al respecto.<\/p>\n<p style=\"text-align: justify;\">El Ministerio de Defensa ruso confirm\u00f3, anteriormente, que los soldados turcos que fueron bombardeados la v\u00edspera en la provincia de Idleb estaban entre los terroristas.<\/p>\n<p style=\"text-align: justify;\">Peskov punte\u00f3 que una de las tareas de los puestos de control de ocupaci\u00f3n turca en la zona de distensi\u00f3n en Idleb era evitar que los terroristas llevaran a cabo actos terroristas y acciones hostiles contra las instalaciones militares rusas, pero los turcos no lo hicieron.<\/p>\n<p style=\"text-align: justify;\">Los participantes en la reuni\u00f3n se\u00f1alaron que los soldados del r\u00e9gimen turco estaban en lugares donde no pod\u00edan ubicarse, y pidieron a Ankara que tomara todas las medidas necesarias para garantizar la seguridad de las representaciones rusas y los ciudadanos rusos en Turqu\u00eda.<\/p>\n<p style=\"text-align: justify;\">M\u00e1s temprano en el d\u00eda, el Ministro de Asuntos Exteriores de Rusia, Serguei Lavrov, indic\u00f3 que la parte turca no hab\u00eda cumplido sus obligaciones en virtud de los Acuerdos de Sochi sobre Idleb y deber\u00eda implementarlas.<\/p>\n<p><span style=\"color: #0000ff;\"><strong>M.M\/F.M<\/strong><\/span><\/p>\n","protected":false},"excerpt":{"rendered":"<p>Mosc\u00fa, SANA El presidente ruso, Vlad\u00edmir Putin, mantuvo una reuni\u00f3n con el Consejo de Seguridad de Rusia para analizar la situaci\u00f3n en la provincia siria de Idleb, declar\u00f3 el portavoz del Kremlin, Dmitri Peskov. La reuni\u00f3n tuvo lugar despu\u00e9s de que el r\u00e9gimen turco admitiera la muerte de 33 de sus soldados en Idleb y &hellip;<\/p>\n","protected":false},"author":36,"featured_media":132811,"comment_status":"closed","ping_status":"closed","sticky":false,"template":"","format":"standard","meta":{"footnotes":""},"categories":[597,457,467,7541],"tags":[17615],"class_list":["post-132810","post","type-post","status-publish","format-standard","has-post-thumbnail","","category-cinta-de-noticias","category-noticias-arabe-internacional-politica","category-siria-y-el-mundo","category-ultimas-noticias","tag-el-kremlin-putin-examina-la-situacion-en-idleb-con-el-consejo-de-seguridad-ruso"],"_links":{"self":[{"href":"https:\/\/archive.sana.sy\/es\/index.php?rest_route=\/wp\/v2\/posts\/132810"}],"collection":[{"href":"https:\/\/archive.sana.sy\/es\/index.php?rest_route=\/wp\/v2\/posts"}],"about":[{"href":"https:\/\/archive.sana.sy\/es\/index.php?rest_route=\/wp\/v2\/types\/post"}],"author":[{"embeddable":true,"href":"https:\/\/archive.sana.sy\/es\/index.php?rest_route=\/wp\/v2\/users\/36"}],"replies":[{"embeddable":true,"href":"https:\/\/archive.sana.sy\/es\/index.php?rest_route=%2Fwp%2Fv2%2Fcomments&post=132810"}],"version-history":[{"count":0,"href":"https:\/\/archive.sana.sy\/es\/index.php?rest_route=\/wp\/v2\/posts\/132810\/revisions"}],"wp:featuredmedia":[{"embeddable":true,"href":"https:\/\/archive.sana.sy\/es\/index.php?rest_route=\/wp\/v2\/media\/132811"}],"wp:attachment":[{"href":"https:\/\/archive.sana.sy\/es\/index.php?rest_route=%2Fwp%2Fv2%2Fmedia&parent=132810"}],"wp:term":[{"taxonomy":"category","embeddable":true,"href":"https:\/\/archive.sana.sy\/es\/index.php?rest_route=%2Fwp%2Fv2%2Fcategories&post=132810"},{"taxonomy":"post_tag","embeddable":true,"href":"https:\/\/archive.sana.sy\/es\/index.php?rest_route=%2Fwp%2Fv2%2Ftags&post=132810"}],"curies":[{"name":"wp","href":"https:\/\/api.w.org\/{rel}","templated":true}]}}