{"id":132814,"date":"2020-02-28T18:21:31","date_gmt":"2020-02-28T16:21:31","guid":{"rendered":"http:\/\/sana.sy\/es\/?p=132814"},"modified":"2023-01-12T14:44:44","modified_gmt":"2023-01-12T12:44:44","slug":"ocupacion-israeli-derrumbe-una-casa-en-el-campamento-de-shufat-en-jerusalen","status":"publish","type":"post","link":"https:\/\/archive.sana.sy\/es\/?p=132814","title":{"rendered":"Ocupaci\u00f3n israel\u00ed derrumbe una casa en el Campamento de Shufat en Jerusal\u00e9n Ocupada"},"content":{"rendered":"<p><span style=\"color: #800000;\">Jerusal\u00e9n Ocupada, SANA <\/span><\/p>\n<p style=\"text-align: justify;\">Las fuerzas de la ocupaci\u00f3n israel\u00edes asaltaron, este viernes, el campamento de Shufat, en la ciudad ocupada de Jerusal\u00e9n, donde destruyeron una vivienda.<\/p>\n<p style=\"text-align: justify;\">Seg\u00fan inform\u00f3 la agencia palestina de noticias \u201cMa\u2019an\u201d, el ocupante israel\u00ed asalt\u00f3 el Campamento utilizando varias excavadoras y derribaron una casa.<\/p>\n<p style=\"text-align: justify;\">Las fuerzas de ocupaci\u00f3n, en el marco de llevar a cabo sus esquemas agresivos de judaizaci\u00f3n, intensifican las\u00a0 operaciones de derribar las hogares y propiedades de los ciudadanos palestinos en Cisjordania y Jerusal\u00e9n Ocupada.<\/p>\n<p>RR\/ MM<\/p>\n","protected":false},"excerpt":{"rendered":"<p>Jerusal\u00e9n Ocupada, SANA Las fuerzas de la ocupaci\u00f3n israel\u00edes asaltaron, este viernes, el campamento de Shufat, en la ciudad ocupada de Jerusal\u00e9n, donde destruyeron una vivienda. Seg\u00fan inform\u00f3 la agencia palestina de noticias \u201cMa\u2019an\u201d, el ocupante israel\u00ed asalt\u00f3 el Campamento utilizando varias excavadoras y derribaron una casa. Las fuerzas de ocupaci\u00f3n, en el marco de &hellip;<\/p>\n","protected":false},"author":31,"featured_media":132815,"comment_status":"closed","ping_status":"closed","sticky":false,"template":"","format":"standard","meta":{"footnotes":""},"categories":[597,456],"tags":[],"class_list":["post-132814","post","type-post","status-publish","format-standard","has-post-thumbnail","","category-cinta-de-noticias","category-arabe-internacional-politica"],"_links":{"self":[{"href":"https:\/\/archive.sana.sy\/es\/index.php?rest_route=\/wp\/v2\/posts\/132814"}],"collection":[{"href":"https:\/\/archive.sana.sy\/es\/index.php?rest_route=\/wp\/v2\/posts"}],"about":[{"href":"https:\/\/archive.sana.sy\/es\/index.php?rest_route=\/wp\/v2\/types\/post"}],"author":[{"embeddable":true,"href":"https:\/\/archive.sana.sy\/es\/index.php?rest_route=\/wp\/v2\/users\/31"}],"replies":[{"embeddable":true,"href":"https:\/\/archive.sana.sy\/es\/index.php?rest_route=%2Fwp%2Fv2%2Fcomments&post=132814"}],"version-history":[{"count":0,"href":"https:\/\/archive.sana.sy\/es\/index.php?rest_route=\/wp\/v2\/posts\/132814\/revisions"}],"wp:featuredmedia":[{"embeddable":true,"href":"https:\/\/archive.sana.sy\/es\/index.php?rest_route=\/wp\/v2\/media\/132815"}],"wp:attachment":[{"href":"https:\/\/archive.sana.sy\/es\/index.php?rest_route=%2Fwp%2Fv2%2Fmedia&parent=132814"}],"wp:term":[{"taxonomy":"category","embeddable":true,"href":"https:\/\/archive.sana.sy\/es\/index.php?rest_route=%2Fwp%2Fv2%2Fcategories&post=132814"},{"taxonomy":"post_tag","embeddable":true,"href":"https:\/\/archive.sana.sy\/es\/index.php?rest_route=%2Fwp%2Fv2%2Ftags&post=132814"}],"curies":[{"name":"wp","href":"https:\/\/api.w.org\/{rel}","templated":true}]}}