{"id":132819,"date":"2020-02-28T19:21:42","date_gmt":"2020-02-28T17:21:42","guid":{"rendered":"http:\/\/sana.sy\/es\/?p=132819"},"modified":"2023-01-12T14:44:44","modified_gmt":"2023-01-12T12:44:44","slug":"detenidos-5-efectivos-terroristas-de-daesh-en-anbar-oeste-de-irak","status":"publish","type":"post","link":"https:\/\/archive.sana.sy\/es\/?p=132819","title":{"rendered":"Detenidos 5 efectivos terroristas de &#8220;Daesh&#8221; en  Anbar, oeste de Irak"},"content":{"rendered":"<p><span style=\"color: #800000;\">Bagdad, SANA<\/span><\/p>\n<p style=\"text-align: justify;\">Las fuerzas iraqu\u00edes conjuntas arrestaron este viernes a 5 elementos del grupo terrorista &#8220;Daesh&#8221; en la gobernaci\u00f3n de Anbar, en el oeste del pa\u00eds.<\/p>\n<p style=\"text-align: justify;\">&#8220;Durante la operaci\u00f3n de seguridad que se lanz\u00f3 hoy, una fuerza de la Movilizaci\u00f3n Popular arrest\u00f3 a cinco personas buscadas por cargos de terrorismo fueron arrestadas en la aldea de Daham al-Haraj, al oeste de la provincia de Anbar&#8221;, cit\u00f3 alsumaria.tv, a un comunicado de las fuerzas de la Movilizaci\u00f3n Popular.<\/p>\n<p style=\"text-align: justify;\">Las fuerzas conjuntas iraqu\u00edes hab\u00edan comenzado anteriormente una operaci\u00f3n de seguridad a gran escala para perseguir a los remanentes de la organizaci\u00f3n terrorista &#8220;Daesh&#8221; en la provincia de Anbar.<\/p>\n<p>M.M<\/p>\n","protected":false},"excerpt":{"rendered":"<p>Bagdad, SANA Las fuerzas iraqu\u00edes conjuntas arrestaron este viernes a 5 elementos del grupo terrorista &#8220;Daesh&#8221; en la gobernaci\u00f3n de Anbar, en el oeste del pa\u00eds. &#8220;Durante la operaci\u00f3n de seguridad que se lanz\u00f3 hoy, una fuerza de la Movilizaci\u00f3n Popular arrest\u00f3 a cinco personas buscadas por cargos de terrorismo fueron arrestadas en la aldea &hellip;<\/p>\n","protected":false},"author":36,"featured_media":85550,"comment_status":"closed","ping_status":"closed","sticky":false,"template":"","format":"standard","meta":{"footnotes":""},"categories":[597,456,457],"tags":[17616,17617],"class_list":["post-132819","post","type-post","status-publish","format-standard","has-post-thumbnail","","category-cinta-de-noticias","category-arabe-internacional-politica","category-noticias-arabe-internacional-politica","tag-detenidos-5-efectivos-terroristas-daesh-de-anbar","tag-oeste-de-irak"],"_links":{"self":[{"href":"https:\/\/archive.sana.sy\/es\/index.php?rest_route=\/wp\/v2\/posts\/132819"}],"collection":[{"href":"https:\/\/archive.sana.sy\/es\/index.php?rest_route=\/wp\/v2\/posts"}],"about":[{"href":"https:\/\/archive.sana.sy\/es\/index.php?rest_route=\/wp\/v2\/types\/post"}],"author":[{"embeddable":true,"href":"https:\/\/archive.sana.sy\/es\/index.php?rest_route=\/wp\/v2\/users\/36"}],"replies":[{"embeddable":true,"href":"https:\/\/archive.sana.sy\/es\/index.php?rest_route=%2Fwp%2Fv2%2Fcomments&post=132819"}],"version-history":[{"count":0,"href":"https:\/\/archive.sana.sy\/es\/index.php?rest_route=\/wp\/v2\/posts\/132819\/revisions"}],"wp:featuredmedia":[{"embeddable":true,"href":"https:\/\/archive.sana.sy\/es\/index.php?rest_route=\/wp\/v2\/media\/85550"}],"wp:attachment":[{"href":"https:\/\/archive.sana.sy\/es\/index.php?rest_route=%2Fwp%2Fv2%2Fmedia&parent=132819"}],"wp:term":[{"taxonomy":"category","embeddable":true,"href":"https:\/\/archive.sana.sy\/es\/index.php?rest_route=%2Fwp%2Fv2%2Fcategories&post=132819"},{"taxonomy":"post_tag","embeddable":true,"href":"https:\/\/archive.sana.sy\/es\/index.php?rest_route=%2Fwp%2Fv2%2Ftags&post=132819"}],"curies":[{"name":"wp","href":"https:\/\/api.w.org\/{rel}","templated":true}]}}