{"id":132880,"date":"2020-02-29T16:15:16","date_gmt":"2020-02-29T14:15:16","guid":{"rendered":"http:\/\/sana.sy\/es\/?p=132880"},"modified":"2020-02-29T18:51:09","modified_gmt":"2020-02-29T16:51:09","slug":"rusia-el-ejercito-sirio-tiene-pleno-derecho-de-responder-a-las-acciones-terroristas","status":"publish","type":"post","link":"https:\/\/archive.sana.sy\/es\/?p=132880","title":{"rendered":"Rusia: el ej\u00e9rcito sirio tiene pleno derecho de responder a las acciones terroristas\u00a0"},"content":{"rendered":"<p style=\"text-align: justify;\"><strong><span lang=\"ES-TRAD\" style=\"color: #800000;\">Nueva York, SANA<\/span><\/strong><\/p>\n<p style=\"text-align: justify;\"><span lang=\"ES-TRAD\">El representante permanente de Rusia \u00a0ante la Organizaci\u00f3n de\u00a0Naciones Unidas (ONU), Vasili Nebenzia, reiter\u00f3 que los terroristas contin\u00faan sus ataques contra los civiles, los puntos del ej\u00e9rcito sirio y la base a\u00e9rea de Hemeimem.<\/span><\/p>\n<p style=\"text-align: justify;\"><span lang=\"ES-TRAD\">El diplom\u00e1tico subray\u00f3 que \u00a0el Ej\u00e9rcito sirio tiene todo el derecho de responder a estos ataques.<\/span><\/p>\n<p style=\"text-align: justify;\"><span lang=\"ES-TRAD\">\u201cEl Ej\u00e9rcito sirio lucha contra el terrorismo y tiene pleno derecho de eliminar a los terroristas que ocupan su territorio\u201d, declar\u00f3.<\/span><\/p>\n<p style=\"text-align: justify;\"><span lang=\"ES-TRAD\">Enfatiz\u00f3 \u00a0que nadie puede impedir al Ej\u00e9rcito de cumplir las resoluciones del Consejo de Seguridad sobre la lucha contra el terrorismo en todas sus formas y manifestaciones.<\/span><\/p>\n<p style=\"text-align: justify;\"><span lang=\"ES-TRAD\">Indic\u00f3 que la parte turca no cumpli\u00f3 sus obligaciones en virtud del acuerdo de Sochi, y agreg\u00f3 que algunos pa\u00edses contin\u00faan apoyando a los terroristas \u00a0al enviarles armas pesadas.<\/span><\/p>\n<p style=\"text-align: justify;\"><span style=\"color: #0000ff;\"><strong>W.S\/F.M<\/strong><\/span><\/p>\n","protected":false},"excerpt":{"rendered":"<p>Nueva York, SANA El representante permanente de Rusia \u00a0ante la Organizaci\u00f3n de\u00a0Naciones Unidas (ONU), Vasili Nebenzia, reiter\u00f3 que los terroristas contin\u00faan sus ataques contra los civiles, los puntos del ej\u00e9rcito sirio y la base a\u00e9rea de Hemeimem. El diplom\u00e1tico subray\u00f3 que \u00a0el Ej\u00e9rcito sirio tiene todo el derecho de responder a estos ataques. \u201cEl Ej\u00e9rcito &hellip;<\/p>\n","protected":false},"author":35,"featured_media":132881,"comment_status":"closed","ping_status":"closed","sticky":false,"template":"","format":"standard","meta":{"footnotes":""},"categories":[597,467,7541],"tags":[],"class_list":["post-132880","post","type-post","status-publish","format-standard","has-post-thumbnail","","category-cinta-de-noticias","category-siria-y-el-mundo","category-ultimas-noticias"],"_links":{"self":[{"href":"https:\/\/archive.sana.sy\/es\/index.php?rest_route=\/wp\/v2\/posts\/132880"}],"collection":[{"href":"https:\/\/archive.sana.sy\/es\/index.php?rest_route=\/wp\/v2\/posts"}],"about":[{"href":"https:\/\/archive.sana.sy\/es\/index.php?rest_route=\/wp\/v2\/types\/post"}],"author":[{"embeddable":true,"href":"https:\/\/archive.sana.sy\/es\/index.php?rest_route=\/wp\/v2\/users\/35"}],"replies":[{"embeddable":true,"href":"https:\/\/archive.sana.sy\/es\/index.php?rest_route=%2Fwp%2Fv2%2Fcomments&post=132880"}],"version-history":[{"count":0,"href":"https:\/\/archive.sana.sy\/es\/index.php?rest_route=\/wp\/v2\/posts\/132880\/revisions"}],"wp:featuredmedia":[{"embeddable":true,"href":"https:\/\/archive.sana.sy\/es\/index.php?rest_route=\/wp\/v2\/media\/132881"}],"wp:attachment":[{"href":"https:\/\/archive.sana.sy\/es\/index.php?rest_route=%2Fwp%2Fv2%2Fmedia&parent=132880"}],"wp:term":[{"taxonomy":"category","embeddable":true,"href":"https:\/\/archive.sana.sy\/es\/index.php?rest_route=%2Fwp%2Fv2%2Fcategories&post=132880"},{"taxonomy":"post_tag","embeddable":true,"href":"https:\/\/archive.sana.sy\/es\/index.php?rest_route=%2Fwp%2Fv2%2Ftags&post=132880"}],"curies":[{"name":"wp","href":"https:\/\/api.w.org\/{rel}","templated":true}]}}