{"id":132892,"date":"2020-02-29T15:15:08","date_gmt":"2020-02-29T13:15:08","guid":{"rendered":"http:\/\/sana.sy\/es\/?p=132892"},"modified":"2020-02-29T15:15:08","modified_gmt":"2020-02-29T13:15:08","slug":"dos-ninos-resultan-heridos-por-explosion-de-mina-abandonada-por-terroristas-del-daesh-en-deir-ezzor","status":"publish","type":"post","link":"https:\/\/archive.sana.sy\/es\/?p=132892","title":{"rendered":"Dos ni\u00f1os resultan heridos por explosi\u00f3n de mina abandonada por terroristas del Daesh en Deir Ezzor"},"content":{"rendered":"<p style=\"text-align: justify;\"><span style=\"color: #800000;\"><strong><span lang=\"ES\">Deir Ezzor, SANA<\/span><\/strong><\/span><\/p>\n<p style=\"text-align: justify;\"><span lang=\"ES\">Dos ni\u00f1os resultaron heridos una explosi\u00f3n de una mina dejada por terroristas de la organizaci\u00f3n extremista Daesh en las cercan\u00edas del estadio en la ciudad de Deir Ezzor.<\/span><\/p>\n<p style=\"text-align: justify;\"><span lang=\"ES\">Seg\u00fan inform\u00f3 el corresponsal de SANA, el artefacto estall\u00f3 la tarde del s\u00e1bado y uno de los ni\u00f1os heridos se encuentra en estado cr\u00edtico.<\/span><\/p>\n<p style=\"text-align: justify;\"><span lang=\"ES\">El director del Hospital nacional de Deir Ezzor, Mamoun Heza, declar\u00f3 a SANA que dos ni\u00f1os de 7 y 8 a\u00f1os de edad fueron ingresados en el hospital con heridas a consecuencia de recibir metrallas en el cuerpo y la cabeza.<\/span><\/p>\n<p style=\"text-align: justify;\"><span lang=\"ES\">Las organizaciones terroristas procedieron a sembrar explosivos y minas con el fin de frenar el avance del ej\u00e9rcito sirio e impedir el retorno de los civiles a sus zonas liberadas del terrorismo.<\/span><\/p>\n<p style=\"text-align: justify;\"><span style=\"color: #0000ff;\"><strong><span lang=\"ES\">W.S\/F.M\/A.H.<\/span><\/strong><\/span><\/p>\n","protected":false},"excerpt":{"rendered":"<p>Deir Ezzor, SANA Dos ni\u00f1os resultaron heridos una explosi\u00f3n de una mina dejada por terroristas de la organizaci\u00f3n extremista Daesh en las cercan\u00edas del estadio en la ciudad de Deir Ezzor. Seg\u00fan inform\u00f3 el corresponsal de SANA, el artefacto estall\u00f3 la tarde del s\u00e1bado y uno de los ni\u00f1os heridos se encuentra en estado cr\u00edtico. &hellip;<\/p>\n","protected":false},"author":30,"featured_media":123510,"comment_status":"closed","ping_status":"closed","sticky":false,"template":"","format":"standard","meta":{"footnotes":""},"categories":[597,573,7541],"tags":[17619],"class_list":["post-132892","post","type-post","status-publish","format-standard","has-post-thumbnail","","category-cinta-de-noticias","category-la-realidad-de-los-acontecimientos-en-siria","category-ultimas-noticias","tag-dos-ninos-resultan-heridos-por-explosion-de-mina-abandonada-por-terroristas-del-daesh-en-deir-ezzor"],"_links":{"self":[{"href":"https:\/\/archive.sana.sy\/es\/index.php?rest_route=\/wp\/v2\/posts\/132892"}],"collection":[{"href":"https:\/\/archive.sana.sy\/es\/index.php?rest_route=\/wp\/v2\/posts"}],"about":[{"href":"https:\/\/archive.sana.sy\/es\/index.php?rest_route=\/wp\/v2\/types\/post"}],"author":[{"embeddable":true,"href":"https:\/\/archive.sana.sy\/es\/index.php?rest_route=\/wp\/v2\/users\/30"}],"replies":[{"embeddable":true,"href":"https:\/\/archive.sana.sy\/es\/index.php?rest_route=%2Fwp%2Fv2%2Fcomments&post=132892"}],"version-history":[{"count":0,"href":"https:\/\/archive.sana.sy\/es\/index.php?rest_route=\/wp\/v2\/posts\/132892\/revisions"}],"wp:featuredmedia":[{"embeddable":true,"href":"https:\/\/archive.sana.sy\/es\/index.php?rest_route=\/wp\/v2\/media\/123510"}],"wp:attachment":[{"href":"https:\/\/archive.sana.sy\/es\/index.php?rest_route=%2Fwp%2Fv2%2Fmedia&parent=132892"}],"wp:term":[{"taxonomy":"category","embeddable":true,"href":"https:\/\/archive.sana.sy\/es\/index.php?rest_route=%2Fwp%2Fv2%2Fcategories&post=132892"},{"taxonomy":"post_tag","embeddable":true,"href":"https:\/\/archive.sana.sy\/es\/index.php?rest_route=%2Fwp%2Fv2%2Ftags&post=132892"}],"curies":[{"name":"wp","href":"https:\/\/api.w.org\/{rel}","templated":true}]}}