{"id":132906,"date":"2020-02-29T16:10:47","date_gmt":"2020-02-29T14:10:47","guid":{"rendered":"http:\/\/sana.sy\/es\/?p=132906"},"modified":"2020-02-29T19:14:14","modified_gmt":"2020-02-29T17:14:14","slug":"central-electrica-de-tal-tamer-reparada-y-puesta-en-servicio-de-nuevo","status":"publish","type":"post","link":"https:\/\/archive.sana.sy\/es\/?p=132906","title":{"rendered":"Central el\u00e9ctrica de Tal Tamer reparada y puesta en servicio de nuevo"},"content":{"rendered":"<p><span style=\"color: #800000;\">Hasakeh, SANA<\/span><\/p>\n<p style=\"text-align: justify;\">La central el\u00e9ctrica de Tal Tamer en el oeste de la provincia de Hasakeh, situada a unos 866 km de Damasco, fue reparada y puesta en servicio para suministrar energ\u00eda a la localidad de Tal Tamer y su jurisdicci\u00f3n, seg\u00fan declar\u00f3 la Compa\u00f1\u00eda General de Electricidad de la provincia de Hasakeh.<\/p>\n<p style=\"text-align: justify;\">\u201cLa central sali\u00f3 del servicio hace dos d\u00edas debido a una agresi\u00f3n turca\u201d explic\u00f3 el gerente de la Compa\u00f1\u00eda El\u00e9ctrica de Hasakeh.<\/p>\n<p style=\"text-align: justify;\">El funcionario se\u00f1al\u00f3 que el suministro fue restaurado gradualmente a la zona y los trabajadores completaron la reparaci\u00f3n de la central a pesar de las dificultades del trabajo.<\/p>\n<p><span style=\"color: #0000ff;\">AH\/ RSH<\/span><\/p>\n","protected":false},"excerpt":{"rendered":"<p>Hasakeh, SANA La central el\u00e9ctrica de Tal Tamer en el oeste de la provincia de Hasakeh, situada a unos 866 km de Damasco, fue reparada y puesta en servicio para suministrar energ\u00eda a la localidad de Tal Tamer y su jurisdicci\u00f3n, seg\u00fan declar\u00f3 la Compa\u00f1\u00eda General de Electricidad de la provincia de Hasakeh. \u201cLa central &hellip;<\/p>\n","protected":false},"author":31,"featured_media":132907,"comment_status":"closed","ping_status":"closed","sticky":false,"template":"","format":"standard","meta":{"footnotes":""},"categories":[597,476,7541],"tags":[],"class_list":["post-132906","post","type-post","status-publish","format-standard","has-post-thumbnail","","category-cinta-de-noticias","category-locales","category-ultimas-noticias"],"_links":{"self":[{"href":"https:\/\/archive.sana.sy\/es\/index.php?rest_route=\/wp\/v2\/posts\/132906"}],"collection":[{"href":"https:\/\/archive.sana.sy\/es\/index.php?rest_route=\/wp\/v2\/posts"}],"about":[{"href":"https:\/\/archive.sana.sy\/es\/index.php?rest_route=\/wp\/v2\/types\/post"}],"author":[{"embeddable":true,"href":"https:\/\/archive.sana.sy\/es\/index.php?rest_route=\/wp\/v2\/users\/31"}],"replies":[{"embeddable":true,"href":"https:\/\/archive.sana.sy\/es\/index.php?rest_route=%2Fwp%2Fv2%2Fcomments&post=132906"}],"version-history":[{"count":0,"href":"https:\/\/archive.sana.sy\/es\/index.php?rest_route=\/wp\/v2\/posts\/132906\/revisions"}],"wp:featuredmedia":[{"embeddable":true,"href":"https:\/\/archive.sana.sy\/es\/index.php?rest_route=\/wp\/v2\/media\/132907"}],"wp:attachment":[{"href":"https:\/\/archive.sana.sy\/es\/index.php?rest_route=%2Fwp%2Fv2%2Fmedia&parent=132906"}],"wp:term":[{"taxonomy":"category","embeddable":true,"href":"https:\/\/archive.sana.sy\/es\/index.php?rest_route=%2Fwp%2Fv2%2Fcategories&post=132906"},{"taxonomy":"post_tag","embeddable":true,"href":"https:\/\/archive.sana.sy\/es\/index.php?rest_route=%2Fwp%2Fv2%2Ftags&post=132906"}],"curies":[{"name":"wp","href":"https:\/\/api.w.org\/{rel}","templated":true}]}}