{"id":132923,"date":"2020-02-28T23:22:21","date_gmt":"2020-02-28T21:22:21","guid":{"rendered":"http:\/\/sana.sy\/es\/?p=132923"},"modified":"2020-02-29T23:31:13","modified_gmt":"2020-02-29T21:31:13","slug":"boletin-informativo-viernes-28-de-febrero-del-2020","status":"publish","type":"post","link":"https:\/\/archive.sana.sy\/es\/?p=132923","title":{"rendered":"Bolet\u00edn Informativo, Viernes, 28 de Febrero del 2020"},"content":{"rendered":"<p style=\"text-align: justify;\"><span style=\"color: #800000;\">Damasco, SANA<\/span><\/p>\n<p style=\"text-align: justify;\"><strong>Les ofrecemos a continuaci\u00f3n, un resumen de las m\u00e1s destacadas noticias de Siria publicadas por nuestra agencia:<\/strong><\/p>\n<p style=\"text-align: justify;\">Para actualizarse m\u00e1s de Siria y ver videos, fotos y reportajes en espa\u00f1ol s\u00edguenos en nuestro sitio <span style=\"color: #0000ff;\">https:\/\/www.sana.sy\/es\/<\/span>, nuestras p\u00e1ginas en Facebook <span style=\"color: #0000ff;\">https:\/\/www.facebook.com\/SANA.Noticias\/<\/span> y en Twitter <span style=\"color: #0000ff;\">https:\/\/twitter.com\/SanaAgencia<\/span><\/p>\n<p style=\"text-align: justify;\"><strong><span style=\"color: #0000ff;\">Ej\u00e9rcito libera del terrorismo a siete localidades en el noroeste de la provincia de Hama<\/span><\/strong><\/p>\n<p style=\"text-align: justify;\">Unidades del ej\u00e9rcito \u00e1rabe sirio llevaron a cabo intensos operativos militares contra las organizaciones terroristas en la regi\u00f3n de la llanura al-Ghab en el extremo noroeste de la provincia de Hama, 209 km al norte de la capital Damasco.<\/p>\n<p style=\"text-align: justify;\">Seg\u00fan report\u00f3 el corresponsal de SANA, los militares liberaron del terrorismo a los poblados de Hawash, Tanjara, Hwejah, Ankawi, Amikah, Shirmaghar y Arimah, tras intensos bombardeos con artiller\u00eda y cohetes.<\/p>\n<p style=\"text-align: justify;\">Agreg\u00f3 que las agrupaciones terroristas de diferentes denominaciones sufrieron bajas y p\u00e9rdidas en su material b\u00e9lico.<\/p>\n<p style=\"text-align: justify;\">Por otro lado, el ej\u00e9rcito sirio retom\u00f3 la estrat\u00e9gica monta\u00f1a de Shahashbo tras el reencuentro de las fuerzas que avanzaban en el este y oeste de Idleb.<\/p>\n<p style=\"text-align: justify;\">En la v\u00edspera, el Ej\u00e9rcito \u00c1rabe Sirio logr\u00f3 nuevos avances en el sur de la provincia septentrional de Idleb y liber\u00f3 del terrorismo a m\u00e1s de una quincena de poblados.<\/p>\n<p style=\"text-align: justify;\"><strong><span style=\"color: #0000ff;\">Violentos choques entre el ej\u00e9rcito y grupos terroristas en el frente de Saraqueb, Idleb<\/span><\/strong><\/p>\n<p style=\"text-align: justify;\">Se produjeron violentos enfrentamientos entre las unidades del ej\u00e9rcito \u00e1rabe sirio y grupos terroristas en el frente de la ciudad de Saraqueb en el sudeste de la provincia de Idleb.<\/p>\n<p style=\"text-align: justify;\">Seg\u00fan report\u00f3 el corresponsal de SANA, los grupos terroristas emplearon en su ataque a docenas de suicidas con cinturones explosivos y coches bomba con una intensa cobertura de las fuerzas del r\u00e9gimen turco.<\/p>\n<p style=\"text-align: justify;\">Agreg\u00f3 que el ej\u00e9rcito choc\u00f3 con los terroristas que sufrieron decenas de bajas y varios de sus veh\u00edculos blindados quedaron destruidos.<\/p>\n<p style=\"text-align: justify;\">El corresponsal detall\u00f3 que peque\u00f1os grupos de terroristas se infiltraron a la autopista entre Alepo y Damasco cerca de la ciudad de Saraqueb con el objetivo de grabar im\u00e1genes y buscar logro medi\u00e1tico y ahora las unidades del ej\u00e9rcito est\u00e1n en choque con ellos.<\/p>\n<p style=\"text-align: justify;\"><strong><span style=\"color: #0000ff;\">Un civil cae m\u00e1rtir en ataque israel\u00ed con dron en Hadar, Quneitra<\/span><\/strong><\/p>\n<p style=\"text-align: justify;\">Un civil perdi\u00f3 la vida por un ataque con misil disparado por un avi\u00f3n no tripulado del enemigo israel\u00ed en las afueras de la localidad de Hadar, en la provincia de Quneitra.<\/p>\n<p style=\"text-align: justify;\">El corresponsal de SANA report\u00f3 que un dron sionista dispar\u00f3 un misil contra un veh\u00edculo civil en la entrada sur de la ciudad de Hadar lo que caus\u00f3 la muerte inmediata de un civil.<\/p>\n<p style=\"text-align: justify;\"><strong><span style=\"color: #0000ff;\">Hallado un cuartel y un campamento de entrenamiento en el campo sur de Idleb<\/span><\/strong><\/p>\n<p style=\"text-align: justify;\">Las unidades del ej\u00e9rcito \u00e1rabe sirio contin\u00faan peinando las zonas liberadas del terrorismo en el campo sure\u00f1o de Idleb donde hallaron un cuartel y un campo de entrenamiento que abarca plazas, alojamientos y un almac\u00e9n de armamento en la zona situada entre Kafranbel y Gbala.<\/p>\n<p style=\"text-align: justify;\">El reportero de SANA inform\u00f3 que unidades del ej\u00e9rcito contin\u00faan sus operaciones de aseguramiento de las zonas liberadas donde desmantelan trampas y minas, en este empe\u00f1o hallaron un cuartel y un campo de entrenamiento del llamado Ej\u00e9rcito de al-Fath en la zona situada entre Kafranbel y Gbala que integra plazas y herramientas de entrenamiento.<\/p>\n<p style=\"text-align: justify;\">El corresponsal explic\u00f3 que por debajo del campamento existe una sede fortificada y una red de refugios subterr\u00e1neos que incluyen 24 salas y c\u00e1maras para municiones y alojamiento, adem\u00e1s de prisiones, todo ello protegido por hormig\u00f3n armado de 10 metros de grosor.<\/p>\n<p style=\"text-align: justify;\">Ayer las unidades del ej\u00e9rcito detectaron a 8 metros por debajo del suelo una red de t\u00faneles y barricadas en el poblado de Maarzeta que se extiende hasta los poblados de Sheikh Dames, Gbala y Maart Hurma en el campo sure\u00f1o de Idleb.<\/p>\n<p style=\"text-align: justify;\"><strong><span style=\"color: #0000ff;\">Ej\u00e9rcito incauta armas y municiones, algunas de origen turco, en sedes abandonadas por terroristas<\/span><\/strong><\/p>\n<p style=\"text-align: justify;\">El ej\u00e9rcito \u00e1rabe sirio, en cooperaci\u00f3n con las autoridades competentes y los pobladores, incaut\u00f3 grandes cantidades de armas y municiones, algunas de origen turco, en sedes y dep\u00f3sitos abandonados por terroristas en la regi\u00f3n sur de Siria.<\/p>\n<p style=\"text-align: justify;\">Las armas pesadas y medianas incautadas incluyen lanzadores de proyectiles RPG, ametralladoras medianas y ligeras, proyectiles de artiller\u00eda, misiles antiblindados y decenas de cajas de balas de diferentes tipos.<\/p>\n<p style=\"text-align: justify;\">Tambi\u00e9n fueron encontrados prism\u00e1ticos de visi\u00f3n nocturna, un dron de reconocimiento y aparatos de telecomunicaci\u00f3n satelital, adem\u00e1s de pistolas de origen turco que se usan en las operaciones de asesinato.<br \/>\nCientos de kilogramos de droga fueron detectados tambi\u00e9n entre el material b\u00e9lico incautado.<\/p>\n<p style=\"text-align: justify;\"><strong><span style=\"color: #0000ff;\">Fuente Militar: Turqu\u00eda ofrece apoyo con artiller\u00eda y misiles port\u00e1tiles a los terroristas en Idleb<\/span><\/strong><\/p>\n<p style=\"text-align: justify;\">Una fuente militar denunci\u00f3 hoy que el r\u00e9gimen turco est\u00e1 ofreciendo apoyo con artiller\u00eda y misiles port\u00e1tiles a las organizaciones terroristas en los combates que se est\u00e1n llevando a cabo en la ciudad de Saraqueb, en el este de Idleb.<\/p>\n<p style=\"text-align: justify;\">La fuente agreg\u00f3 que los terroristas est\u00e1n disparando misiles antia\u00e9reos port\u00e1tiles de fabricaci\u00f3n estadounidense y con apoyo turco contra los aviones de combates sirios y rusos.<\/p>\n<p style=\"text-align: justify;\">El ej\u00e9rcito sirio libra enfrentamientos feroces con los terroristas del Frente Al-Nousra y otros grupos terroristas apoyados por el r\u00e9gimen turco en el frente de Saraqeb, en el sudeste de la provincia de Idleb.<\/p>\n<p style=\"text-align: justify;\"><strong><span style=\"color: #0000ff;\">Aerol\u00ednea siria reanudar\u00e1 sus vuelos de Damasco a Alepo a partir del 6 de marzo pr\u00f3ximo<\/span><\/strong><\/p>\n<p style=\"text-align: justify;\"><span style=\"color: #000000;\">El Ministerio de Transporte anunci\u00f3 hoy vuelos semanales desde Damasco a Alepo y viceversa a partir del pr\u00f3ximo viernes, 6 de marzo.<\/span><\/p>\n<p style=\"text-align: justify;\">El director comercial de la compa\u00f1\u00eda, Louay Hassan, dijo que despu\u00e9s de la reapertura del aeropuerto internacional de Alepo, habr\u00e1 un vuelo semanal a Alepo y se est\u00e1 estudiando la posibilidad de reanudar los vuelos regulares el pr\u00f3ximo mes de marzo.<\/p>\n<p style=\"text-align: justify;\">Agreg\u00f3 que la decisi\u00f3n depende de la demanda de pasajeros.<\/p>\n<p style=\"text-align: justify;\">El 19 de este mes, aterriz\u00f3 en el aeropuerto internacional de Alepo el primer vuelo procedente de Damasco tras una interrupci\u00f3n de m\u00e1s de ocho a\u00f1os debido a la presencia de terroristas.<\/p>\n<p style=\"text-align: justify;\"><strong><span style=\"color: #0000ff;\">Damasco aprecia posturas de Argelia y las describe de honorables<\/span><\/strong><\/p>\n<p style=\"text-align: justify;\">El presidente de la Asamblea del Pueblo (parlamento), Hammoudah Sabbag, destac\u00f3 las hist\u00f3ricas y arraigadas relaciones de amistad argelino-sirias y expres\u00f3 la profunda gratitud por las honorables posturas de Argelia en apoyo a Siria frente a la guerra terrorista.<\/p>\n<p style=\"text-align: justify;\">La postura de Sabbag fue expresada durante su reuni\u00f3n con el embajador de la Rep\u00fablica Democr\u00e1tica Popular de Argelia en Damasco, Hassan Touhami.<\/p>\n<p style=\"text-align: justify;\">El presidente del parlamento afirm\u00f3 que la raz\u00f3n principal de la agresi\u00f3n contra Siria es su negativa a renunciar sus compromisos con las causas \u00e1rabes, a su frente Palestina.<\/p>\n<p style=\"text-align: justify;\">Por su parte, el embajador argelino resalt\u00f3 la postura honorable de Siria a favor del pueblo argelino en la guerra de liberaci\u00f3n e independencia.<\/p>\n<p style=\"text-align: justify;\">Elogi\u00f3 la firmeza del liderazgo, ej\u00e9rcito y pueblo de Siria en la guerra e hizo \u00e9nfasis en la importancia de fortalecer la cooperaci\u00f3n bilateral entre los parlamentarios argelinos y sirios.<\/p>\n<p style=\"text-align: justify;\"><strong><span style=\"color: #0000ff;\">Siria exige en la ONU frenar el comportamiento agresivo e injerencista del r\u00e9gimen turco<\/span><\/strong><\/p>\n<p style=\"text-align: justify;\">El delegado de Siria ante las Naciones Unidas, Bashar Jaafari, dijo que &#8220;algunos pa\u00edses trabajan para convertir el Consejo de Seguridad en una plataforma para el OTAN con el fin de apoyar la agresi\u00f3n turca contra el territorio sirio, hecho que socava el papel del Consejo en la preservaci\u00f3n de la paz y seguridad internacionales.<\/p>\n<p style=\"text-align: justify;\">Durante una sesi\u00f3n del Consejo de Seguridad dedicada a debatir la situaci\u00f3n en Medio Oriente, Jaafari denunci\u00f3 al subsecretario General de la ONU para Asuntos Humanitarios por violar su mandato y por intentar perjudicar a Siria al desinformar a la hora de hablar sobre la situaci\u00f3n en Siria.<\/p>\n<p style=\"text-align: justify;\">&#8220;Asegurar a toda la ciudad de Alepo por parte del ej\u00e9rcito sirio permiti\u00f3 a los residentes de esta urbe gozar de seguridad, ya que no est\u00e1 al alcance de los proyectiles de los terroristas&#8221;, dijo el delegado sirio.<\/p>\n<p style=\"text-align: justify;\">El diplom\u00e1tico reiter\u00f3 el rechazo categ\u00f3rico de Siria a cualquier presencia militar turca o extranjera ilegal en su territorio.<\/p>\n<p style=\"text-align: justify;\">&#8220;Siria exige que se frene el comportamiento agresivo e injerencista del r\u00e9gimen turco y su apoyo al terrorismo&#8221;, enfatiz\u00f3 Jaafari.<\/p>\n<p style=\"text-align: justify;\">Se\u00f1al\u00f3 que las ayudas humanitarias podr\u00e1n ser entregadas en las zonas noreste del pa\u00eds en cooperaci\u00f3n y coordinaci\u00f3n con el gobierno sirio lejos de la politizaci\u00f3n de la labor humanitario.<\/p>\n<p style=\"text-align: justify;\">Tambi\u00e9n, explic\u00f3 que Siria estableci\u00f3 varios pasos humanitarios en base de su inter\u00e9s de garantizar la seguridad de sus ciudadanos.<\/p>\n<p style=\"text-align: justify;\">Reiter\u00f3 en sus palabras la exigencia de Siria a los pa\u00edses que tienen influencia sobre el r\u00e9gimen turco y sobre las organizaciones terroristas que apadrinan, que permitan el regreso de un mill\u00f3n de sirios que fueron desplazados debido a las acciones hostiles llevadas a cabo por Turqu\u00eda en el norte de Siria&#8221;.<\/p>\n<p style=\"text-align: justify;\"><span style=\"color: #0000ff;\">Nebenzia: Hay que erradicar el terrorismo en Idleb<\/span><\/p>\n<p style=\"text-align: justify;\">El representante permanente de Rusia ante las naciones Unidos, Vasili Nebenzia destac\u00f3 la necesidad de erradicar al terrorismo en Idleb.<\/p>\n<p style=\"text-align: justify;\">Durante una sesi\u00f3n del Consejo de seguridad sobre la situaci\u00f3n en oriente medio, Nebenzia se\u00f1al\u00f3 que las sanciones unilaterales impuestas a Siria afectan la vida de los sirios y obstaculiza el proceso de reconstrucci\u00f3n.<\/p>\n<p style=\"text-align: justify;\"><strong><span style=\"color: #0000ff;\">La situaci\u00f3n en Idleb se agrav\u00f3 debido al incumplimiento del r\u00e9gimen turco de sus obligaciones<\/span><\/strong><\/p>\n<p style=\"text-align: justify;\">Una de las principales razones del deterioro de la situaci\u00f3n en Idleb es el incumplimiento por parte del r\u00e9gimen turco a sus obligaciones contenidas en el Acuerdo de Sochi, afirm\u00f3 hoy la portavoz del Ministerio de Exteriores de Rusia, Mar\u00eda Zajarova.<\/p>\n<p style=\"text-align: justify;\">En declaraciones a la prensa, la vocera rusa dijo que Idleb se ha convertido en un basti\u00f3n para una alianza terrorista y consider\u00f3 que el incumplimiento del memor\u00e1ndum ruso-turco del 17 de septiembre de 2018 en Sochi es una de las principales razones del deterioro de la situaci\u00f3n.<\/p>\n<p style=\"text-align: justify;\">Explic\u00f3 que, a pesar de la implementaci\u00f3n del acuerdo de distensi\u00f3n en la zona, los armados siguen bombardeando las ciudades cercanas y posiciones del ej\u00e9rcito sirio.<\/p>\n<p style=\"text-align: justify;\">&#8220;Hoy, continuar\u00e1n las consultas que comenzaron la v\u00edspera en Ankara entre la delegaci\u00f3n gubernamental conjunta rusa con representantes turcos y se discutir\u00e1 una amplia gama de temas relacionados con la situaci\u00f3n en Idleb&#8221;, agreg\u00f3 la vocera rusa.<\/p>\n<p style=\"text-align: justify;\">Asimismo, cuestion\u00f3 la conveniencia de involucrar a Francia y Alemania en las consultas ruso-turcas sobre Idleb.<br \/>\n&#8220;La inclusi\u00f3n de otros pa\u00edses, especialmente aquellos que no puedo decir que hayan desempe\u00f1ado un papel decisivo en la situaci\u00f3n sobre el terreno, plantea la pregunta: \u00bfpara qu\u00e9 es necesaria esta inclusi\u00f3n?&#8221;, dijo Zajarova.<\/p>\n<p style=\"text-align: justify;\"><strong><span style=\"color: #0000ff;\">Putin no tiene planes de visitar Estambul y reunirse con Erdogan<\/span><\/strong><\/p>\n<p style=\"text-align: justify;\">El portavoz de la presidencia rusa, Dmitry Peskov, desminti\u00f3 lo anunciado por el presidente turco, Recep Tayyip Erdogan, sobre una prevista cumbre con el presidente Vladimir Putin en Estambul el 5 de marzo pr\u00f3ximo.<\/p>\n<p style=\"text-align: justify;\">&#8220;La agenda del presidente Putin no incluye una visita a Estambul el 5 de marzo y la reuni\u00f3n de Erdogan all\u00ed&#8221;, dijo Peskov a los periodistas.<\/p>\n<p style=\"text-align: justify;\">Agreg\u00f3 que el 5 de marzo, el presidente Putin tiene otros planes de trabajo&#8221;.<br \/>\nErdogan hab\u00eda afirmado que Putin visitar\u00e1 Estambul el 5 de marzo pr\u00f3ximo para discutir la situaci\u00f3n en Idleb.<\/p>\n<p style=\"text-align: justify;\">\n<span style=\"color: #3366ff;\">Cont\u00e1ctenos:<\/span><\/p>\n<p style=\"text-align: justify;\"><span style=\"color: #3366ff;\">agenciasanadenoticias@gmail.com<\/span><\/p>\n<p style=\"text-align: justify;\"><span style=\"color: #3366ff;\">Tel\u00e9fono: 00 963 11 5490700 <\/span><\/p>\n","protected":false},"excerpt":{"rendered":"<p>Damasco, SANA Les ofrecemos a continuaci\u00f3n, un resumen de las m\u00e1s destacadas noticias de Siria publicadas por nuestra agencia: Para actualizarse m\u00e1s de Siria y ver videos, fotos y reportajes en espa\u00f1ol s\u00edguenos en nuestro sitio https:\/\/www.sana.sy\/es\/, nuestras p\u00e1ginas en Facebook https:\/\/www.facebook.com\/SANA.Noticias\/ y en Twitter https:\/\/twitter.com\/SanaAgencia Ej\u00e9rcito libera del terrorismo a siete localidades en el &hellip;<\/p>\n","protected":false},"author":31,"featured_media":132924,"comment_status":"closed","ping_status":"closed","sticky":false,"template":"","format":"standard","meta":{"footnotes":""},"categories":[555],"tags":[],"class_list":["post-132923","post","type-post","status-publish","format-standard","has-post-thumbnail","","category-prensa"],"_links":{"self":[{"href":"https:\/\/archive.sana.sy\/es\/index.php?rest_route=\/wp\/v2\/posts\/132923"}],"collection":[{"href":"https:\/\/archive.sana.sy\/es\/index.php?rest_route=\/wp\/v2\/posts"}],"about":[{"href":"https:\/\/archive.sana.sy\/es\/index.php?rest_route=\/wp\/v2\/types\/post"}],"author":[{"embeddable":true,"href":"https:\/\/archive.sana.sy\/es\/index.php?rest_route=\/wp\/v2\/users\/31"}],"replies":[{"embeddable":true,"href":"https:\/\/archive.sana.sy\/es\/index.php?rest_route=%2Fwp%2Fv2%2Fcomments&post=132923"}],"version-history":[{"count":0,"href":"https:\/\/archive.sana.sy\/es\/index.php?rest_route=\/wp\/v2\/posts\/132923\/revisions"}],"wp:featuredmedia":[{"embeddable":true,"href":"https:\/\/archive.sana.sy\/es\/index.php?rest_route=\/wp\/v2\/media\/132924"}],"wp:attachment":[{"href":"https:\/\/archive.sana.sy\/es\/index.php?rest_route=%2Fwp%2Fv2%2Fmedia&parent=132923"}],"wp:term":[{"taxonomy":"category","embeddable":true,"href":"https:\/\/archive.sana.sy\/es\/index.php?rest_route=%2Fwp%2Fv2%2Fcategories&post=132923"},{"taxonomy":"post_tag","embeddable":true,"href":"https:\/\/archive.sana.sy\/es\/index.php?rest_route=%2Fwp%2Fv2%2Ftags&post=132923"}],"curies":[{"name":"wp","href":"https:\/\/api.w.org\/{rel}","templated":true}]}}