{"id":132947,"date":"2020-03-01T11:45:20","date_gmt":"2020-03-01T09:45:20","guid":{"rendered":"http:\/\/sana.sy\/es\/?p=132947"},"modified":"2020-03-01T11:45:20","modified_gmt":"2020-03-01T09:45:20","slug":"el-comando-general-del-ejercito-y-las-fuerzas-armadas-anuncia-el-cierre-del-espacio-aereo-sobre-la-region-noroccidental-de-siria-en-particular-sobre-idleb-ante-los-vuelos-y-cualquier-avion-no-tripul","status":"publish","type":"post","link":"https:\/\/archive.sana.sy\/es\/?p=132947","title":{"rendered":"El Comando General del Ej\u00e9rcito y las Fuerzas Armadas anuncia el cierre del espacio a\u00e9reo sobre la regi\u00f3n noroccidental de Siria, en particular sobre Idleb, ante los vuelos y cualquier avi\u00f3n no tripulado, y tratar\u00e1 como blanco hostil y derribar\u00e1 a cualquier avi\u00f3n que viole el espacio a\u00e9reo."},"content":{"rendered":"","protected":false},"excerpt":{"rendered":"","protected":false},"author":35,"featured_media":0,"comment_status":"closed","ping_status":"closed","sticky":false,"template":"","format":"standard","meta":{"footnotes":""},"categories":[596],"tags":[],"class_list":["post-132947","post","type-post","status-publish","format-standard","","category-urgente"],"_links":{"self":[{"href":"https:\/\/archive.sana.sy\/es\/index.php?rest_route=\/wp\/v2\/posts\/132947"}],"collection":[{"href":"https:\/\/archive.sana.sy\/es\/index.php?rest_route=\/wp\/v2\/posts"}],"about":[{"href":"https:\/\/archive.sana.sy\/es\/index.php?rest_route=\/wp\/v2\/types\/post"}],"author":[{"embeddable":true,"href":"https:\/\/archive.sana.sy\/es\/index.php?rest_route=\/wp\/v2\/users\/35"}],"replies":[{"embeddable":true,"href":"https:\/\/archive.sana.sy\/es\/index.php?rest_route=%2Fwp%2Fv2%2Fcomments&post=132947"}],"version-history":[{"count":0,"href":"https:\/\/archive.sana.sy\/es\/index.php?rest_route=\/wp\/v2\/posts\/132947\/revisions"}],"wp:attachment":[{"href":"https:\/\/archive.sana.sy\/es\/index.php?rest_route=%2Fwp%2Fv2%2Fmedia&parent=132947"}],"wp:term":[{"taxonomy":"category","embeddable":true,"href":"https:\/\/archive.sana.sy\/es\/index.php?rest_route=%2Fwp%2Fv2%2Fcategories&post=132947"},{"taxonomy":"post_tag","embeddable":true,"href":"https:\/\/archive.sana.sy\/es\/index.php?rest_route=%2Fwp%2Fv2%2Ftags&post=132947"}],"curies":[{"name":"wp","href":"https:\/\/api.w.org\/{rel}","templated":true}]}}