{"id":133052,"date":"2020-03-02T09:10:36","date_gmt":"2020-03-02T07:10:36","guid":{"rendered":"http:\/\/sana.sy\/es\/?p=133052"},"modified":"2020-03-02T12:14:48","modified_gmt":"2020-03-02T10:14:48","slug":"boletin-informativolunes-02-de-marzo-del-2020","status":"publish","type":"post","link":"https:\/\/archive.sana.sy\/es\/?p=133052","title":{"rendered":"Bolet\u00edn Informativo,lunes, 02 de Marzo del 2020"},"content":{"rendered":"<p style=\"text-align: justify;\"><strong><span style=\"color: #800000;\">Damasco,SANA<\/span><\/strong><\/p>\n<p style=\"text-align: justify;\"><strong>Les ofrecemos a continuaci\u00f3n, un resumen de las m\u00e1s destacadas noticias de Siria publicadas por nuestra agencia:<\/strong><\/p>\n<p style=\"text-align: justify;\"><span style=\"color: #0000ff;\"><strong>Decreto Legislativo aumenta las pensiones otorgadas a las familias de militares m\u00e1rtires y desaparecidos<\/strong><\/span><\/p>\n<p style=\"text-align: justify;\">El presidente Bashar Al-Assad, promulg\u00f3 hoy el Decreto Legislativo No. 5 que otorga un aumento mensual de 20 mil libras a las pensiones de familias de militares m\u00e1rtires o desaparecidos.<\/p>\n<p style=\"text-align: justify;\">El decreto abarca tambi\u00e9n a aquellos militares que debido a sus heridas fueron retirados del servicio.<\/p>\n<p style=\"text-align: justify;\">Los integrantes de las Fuerzas de Seguridad Interna se beneficiar\u00e1n tambi\u00e9n de este decreto.<\/p>\n<p style=\"text-align: justify;\"><strong><span style=\"color: #0000ff;\">Siria y Libia firman memorando para reapertura de las sedes de las misiones diplom\u00e1ticas y consulares<\/span><\/strong><\/p>\n<p style=\"text-align: justify;\">El Viceprimer Ministro y Ministro de Exteriores y Expatriados, Walid al-Moallem, recibi\u00f3 a una delegaci\u00f3n oficial libia encabezada por el Viceprimer Ministro, Abdul Rahman Al-Ahirish, y el Ministro de Exteriores y Cooperaci\u00f3n Internacional, Abdul Hadi Al-Hawaij.<\/p>\n<p style=\"text-align: justify;\">Ambos lados repasaron las relaciones bilaterales entre los dos pa\u00edses y las v\u00edas de reactivarlas en varios campos, as\u00ed como establecer una coordinaci\u00f3n constante para enfrentar las presiones y desaf\u00edos comunes que enfrentan Siria y Libia, particularmente en lo relacionado con la agresi\u00f3n turca contra la soberan\u00eda e independencia de ambos pa\u00edses y la injerencia externa en sus asuntos internos.<\/p>\n<p style=\"text-align: justify;\">El canciller al-Moallem hizo hincapi\u00e9 en la gran importancia que Siria otorga a sus relaciones con los hermanos en Libia y destac\u00f3 que las circunstancias y desaf\u00edos que enfrentan los dos pa\u00edses demuestran hoy m\u00e1s que nunca que estas relaciones deber\u00edan estar en su mejor momento para enfrentar las codicias extranjeras, a su frente la agresi\u00f3n turca.<\/p>\n<p style=\"text-align: justify;\">Al-Moallem explic\u00f3 los desarrollos de campo de la lucha contra el terrorismo apoyado por partes externas, principalmente el r\u00e9gimen turco, y enfatiz\u00f3 que Siria proseguir\u00e1 su lucha contra terrorismo hasta el restablecimiento de la seguridad en\u00a0 todo su territorio y la salida de las fuerzas extranjeras ilegales y ocupadas que violan la soberan\u00eda siria y saquean la riqueza del pueblo sirio.<\/p>\n<p style=\"text-align: justify;\">A su vez, la delegaci\u00f3n libia transmiti\u00f3 la alegr\u00eda del pueblo libio por los avances logrados por Siria en su guerra contra el terrorismo y su confrontaci\u00f3n a los grupos terroristas apoyados por Turqu\u00eda.<\/p>\n<p style=\"text-align: justify;\">Denunciaron que Turqu\u00eda envi\u00f3 a miles de mercenarios a Libia, en un intento de socavar su unidad y seguridad, y reafirmaron\u00a0 la determinaci\u00f3n de los libios para enfrentar estas intervenciones y ambiciones.<\/p>\n<p style=\"text-align: justify;\">Tras la reuni\u00f3n, se firm\u00f3 un memorando de entendimiento entre el Ministerio de Exteriores y Expatriados de Siria y el Ministerio de Exteriores y Cooperaci\u00f3n Internacional de Libia con respecto a la reapertura de la sede de las misiones diplom\u00e1ticas y consulares.<\/p>\n<p style=\"text-align: justify;\">La nota estipula tambi\u00e9n la coordinaci\u00f3n de las posturas de los dos pa\u00edses en los foros internacionales y regionales, en particular en el enfrentamiento a la injerencia y agresi\u00f3n turcas en los dos pa\u00edses y revelar sus pol\u00edticas expansionistas y coloniales, adem\u00e1s de trabajar para mejorar Cooperaci\u00f3n en todos los campos.<\/p>\n<p style=\"text-align: justify;\"><strong><span style=\"color: #0000ff;\">Fuerzas del r\u00e9gimen turco atacan dos aviones de combate sirios y los pilotos logran eyectarse y est\u00e1n a salvo<\/span><\/strong><\/p>\n<p style=\"text-align: justify;\">Las fuerzas del r\u00e9gimen turco terrorista atacaron dos aviones de combate sirios en la regi\u00f3n de Idleb.<\/p>\n<p style=\"text-align: justify;\">Una fuente militar declar\u00f3 que a las 13.25 PM de hoy domingo, dos aviones de combate sirios que realizaban una misi\u00f3n contra organizaciones terroristas armadas en la regi\u00f3n de Idleb, fueron interceptados por aviones de combate turcos y derribados en el territorio sirio, y los pilotos lograron eyectarse de las naves y se encuentran bien y a salvo.<\/p>\n<p style=\"text-align: justify;\">Anteriormente, unidades del ej\u00e9rcito \u00e1rabe sirio derribaron un avi\u00f3n no tripulado del r\u00e9gimen turco que viol\u00f3 el espacio a\u00e9reo en la ciudad de Saraqueb en la provincia de Idleb.<\/p>\n<p style=\"text-align: justify;\"><strong><span style=\"color: #0000ff;\">Ej\u00e9rcito cierra el espacio a\u00e9reo de la regi\u00f3n noroccidental del pa\u00eds y derribar\u00e1 cualquier avi\u00f3n que lo viole<\/span><\/strong><\/p>\n<p style=\"text-align: justify;\">Una fuente militar anunci\u00f3 hoy que las fuerzas del r\u00e9gimen turco prosiguen sus acciones hostiles contra las fuerzas armadas sirias que operan en la provincia de Idleb y sus alrededores.<\/p>\n<p style=\"text-align: justify;\">\u201cLas acciones hostiles incluyen ataques contra posiciones de los soldados que enfrentan directamente a los terroristas o brindando todo tipo de apoyo a las organizaciones armadas inscritas en la lista del terrorismo internacional\u201d, explic\u00f3 la fuente.<\/p>\n<p style=\"text-align: justify;\">Reafirm\u00f3 que estos repetidos actos agresivos turcos no lograr\u00e1n salvar a los terroristas de los ataques del ej\u00e9rcito \u00e1rabe sirio, y demuestran que el r\u00e9gimen turco se niega a cumplir los acuerdos anteriores, incluido el Memorando de Sochi.<\/p>\n<p style=\"text-align: justify;\">\u201cEn cumplimiento de sus deberes constitucionales y patri\u00f3ticos en la defensa de la soberan\u00eda del Estado y la protecci\u00f3n de la integridad territorial, el Comando General del Ej\u00e9rcito y las Fuerzas Armadas anuncia el cierre del espacio a\u00e9reo de la regi\u00f3n noroccidental de Siria, en particular sobre Idleb, ante los vuelos y los drones y derribar\u00e1 a cualquier blanco a\u00e9reos hostil que viole el espacio a\u00e9reo\u201d, concluy\u00f3 la fuente su declaraci\u00f3n.<\/p>\n<p style=\"text-align: justify;\"><span style=\"color: #0000ff;\"><strong>Ej\u00e9rcito sirio derriba tres drones turcos en Idleb<\/strong><\/span><\/p>\n<p style=\"text-align: justify;\">Unidades del ej\u00e9rcito sirio derribaron tres drones del r\u00e9gimen turco durante las operaciones militares contra las organizaciones armadas en la provincia de Idleb.<\/p>\n<p style=\"text-align: justify;\">El corresponsal de SANA report\u00f3 que durante las operaciones contra las organizaciones extremistas en Idleb, los militares lograron destruir hasta el momento a tres drones del r\u00e9gimen turco en el espacio a\u00e9reo de la provincia de Idleb.<\/p>\n<p style=\"text-align: justify;\">Se\u00f1al\u00f3 que el r\u00e9gimen turco utiliza los drones para proporcionar fuego de cobertura e informaci\u00f3n log\u00edstica y de reconocimiento a los elementos hostiles para apoyar sus ataques contra el ej\u00e9rcito sirio.<\/p>\n<p style=\"text-align: justify;\">Anteriormente, unidades del ej\u00e9rcito sirio derribaron un avi\u00f3n no tripulado del r\u00e9gimen turco que viol\u00f3 el espacio a\u00e9reo en la ciudad de Saraqueb en la provincia de Idleb.<\/p>\n<p style=\"text-align: justify;\"><span style=\"color: #0000ff;\"><strong>Rusia: no se puede garantizar la seguridad de los aviones turcos sobre Siria<\/strong><\/span><\/p>\n<p style=\"text-align: justify;\">El Ministerio de Defensa ruso anunci\u00f3 hoy que Rusia no puede garantizar la seguridad de la aviaci\u00f3n turca sobre Siria despu\u00e9s del cierre del espacio a\u00e9reo sobre la provincia siria de Idleb.<\/p>\n<p style=\"text-align: justify;\">\u201cEn estas circunstancias, el mando militar ruso no puede garantizar la seguridad de los aviones turcos en Siria\u201d, declar\u00f3 el jefe del Centro ruso para la Coordinaci\u00f3n en Siria, Oleg Zhuravliov.<\/p>\n<p style=\"text-align: justify;\">El Ej\u00e9rcito sirio anunci\u00f3 haber cerrado el espacio a\u00e9reo sobre Idleb y advirti\u00f3 que todas las aeronaves que entren en el espacio ser\u00e1n consideradas enemigas y derribadas.<\/p>\n<p style=\"text-align: justify;\">Una fuente militar siria inform\u00f3 m\u00e1s temprano que los sistemas de defensa antia\u00e9rea siria destruyeron tres drones de las fuerzas del r\u00e9gimen turco en Idleb.<\/p>\n<p style=\"text-align: justify;\"><strong><span style=\"color: #0000ff;\">Ej\u00e9rcito halla t\u00faneles, armas y centro de entrenamiento de los terroristas al norte de Maaret al-Nouman<\/span><\/strong><\/p>\n<p style=\"text-align: justify;\">Durante sus operaciones de peinado en las zonas libres de los terroristas en el sur de la provincia de Idleb, las unidades del ej\u00e9rcito encontraron una red de t\u00faneles que ten\u00eda un dep\u00f3sito de municiones y locales de alojamiento para los terroristas, en el norte de la ciudad Maaret al-Nouman.<\/p>\n<p style=\"text-align: justify;\">El corresponsal de la SANA report\u00f3 que la red de t\u00faneles conten\u00eda alojamientos, y tambi\u00e9n fueron hallados centros de entrenamiento y talleres para la fabricaci\u00f3n de municiones, misiles y artefactos explosivos.<\/p>\n<p style=\"text-align: justify;\">A su vez, un oficial declar\u00f3 a SANA que\u00a0 los militares hallaron un campo de entrenamiento de la facci\u00f3n terrorista\u00a0 \u201cLegi\u00f3n del Levante\u201d (Failaq al-Sham, en \u00e1rabe) y conten\u00eda un cuartel general y varios proyectiles de mortero, adem\u00e1s de municiones y ametralladoras de varios tipos, proyectiles de tanque y municiones para armas y ametralladoras medianas.<\/p>\n<p style=\"text-align: justify;\">A\u00f1adi\u00f3 que el cuartel general estaba bien equipado y fortificado dado el tama\u00f1o de los muros que lo proteg\u00edan y la profundidad en la que se encuentra bajo tierra, as\u00ed como por la existencia de m\u00e1scaras protectoras.<\/p>\n<p style=\"text-align: justify;\">Las unidades del ej\u00e9rcito contin\u00faan las operaciones de peinado en las zonas liberadas en el sur de Idleb, donde encontraron gran n\u00famero de cuarteles generales, centros de tortura y dep\u00f3sitos de armas utilizados por los elementos hostiles como herramientas de intimidaci\u00f3n contra sus detractores en aquellas zonas.<\/p>\n<p style=\"text-align: justify;\"><strong><span style=\"color: #0000ff;\">Homenajean a familias de 500 m\u00e1rtires militares en Deraa<\/span><\/strong><\/p>\n<p style=\"text-align: justify;\">En reconocimiento a los sacrificios y haza\u00f1as del ej\u00e9rcito sirio en defensa de la patria, las familias de 500 m\u00e1rtires del ej\u00e9rcito sirio fueron homenajeadas en una ceremonia organizada por la Asociaci\u00f3n Siria de Apoyo a las Familias de los m\u00e1rtires en la provincia de Deraa, ubicada a unos 101 kil\u00f3metros de la capital Damasco.<\/p>\n<p style=\"text-align: justify;\">En la ceremonia, se proyect\u00f3 la pel\u00edcula \u201cMonta\u00f1as del Sol\u201d, que encarna los valores de los m\u00e1rtires y el papel de la mujer siria en inculcar los valores del amor a la patria, la firmeza y la determinaci\u00f3n.<\/p>\n<p style=\"text-align: justify;\">Varios familiares de m\u00e1rtires expresaron su orgullo por sus hijos que murieron para defender la patria.<\/p>\n<p style=\"text-align: justify;\">Subrayaron que la victoria sobre las organizaciones armadas lleg\u00f3 gracias a los sacrificios de los h\u00e9roes del ej\u00e9rcito \u00e1rabe sirio, quienes ofrecieron desprendidamente la vida por la unidad de la naci\u00f3n y la dignidad del ciudadano.<\/p>\n<p style=\"text-align: justify;\">El General Hassan Hassan, director de la Administraci\u00f3n Pol\u00edtica del Ej\u00e9rcito, destac\u00f3 que las madres sirias son el origen de la dignidad porque inculcaron los valores del martirio en los corazones de sus hijos.<\/p>\n<p style=\"text-align: justify;\">Destac\u00f3 que el ej\u00e9rcito \u00e1rabe sirio est\u00e1 liderando una guerra nacional al estar frente a los ej\u00e9rcitos de EE.UU, Turqu\u00eda e \u201cIsrael\u201d y continuar\u00e1 la marcha hasta que la \u00faltima pulgada de Siria sea liberada del terrorismo.<\/p>\n<p style=\"text-align: justify;\"><strong><span style=\"color: #0000ff;\">Comunidad siria en Alemania organiza mitin solidario con el ej\u00e9rcito sirio<\/span><\/strong><\/p>\n<p style=\"text-align: justify;\">La comunidad siria en Alemania organiz\u00f3 un mitin de solidaridad con los h\u00e9roes del ej\u00e9rcito \u00e1rabe sirio, ue libran las batallas m\u00e1s honorables en su guerra contra el terrorismo y sus patrocinadores.<\/p>\n<p style=\"text-align: justify;\">Varios representantes de los entidades y organizaciones que participaron en la reuni\u00f3n subrayaron la importancia de las victorias logradas por el ej\u00e9rcito sirio frente al terrorismo.<\/p>\n<p style=\"text-align: justify;\">Afirmaron que el ej\u00e9rcito libra las batallas en defensa del derecho de los sirios a vivir en su patria en paz.<\/p>\n<p style=\"text-align: justify;\">Alabaron el apoyo de los pa\u00edses aliados a Siria en esta guerra.<\/p>\n<p style=\"text-align: justify;\">Por su parte, el encargado de negocios de la embajada siria en Alemania, Bashar al-Asaad, se\u00f1al\u00f3 que la solidaridad de la comunidad siria en Alemania y su posici\u00f3n con el ej\u00e9rcito \u00e1rabe sirio en su lucha contra el terrorismo se produce en el contexto del apoyo de los sirios en general, fuera y dentro de Siria, a su liderazgo y ej\u00e9rcito.<\/p>\n<p style=\"text-align: justify;\"><span style=\"color: #800000;\"><strong>Cont\u00e1ctenos: <\/strong><\/span><\/p>\n<p style=\"text-align: justify;\"><span style=\"color: #800000;\"><strong>agenciasanadenoticias<\/strong><strong>@<\/strong><strong>gmail.com<\/strong><\/span><\/p>\n<p style=\"text-align: justify;\"><span style=\"color: #800000;\"><strong>Tel\u00e9fono: 00 963 11 5490700<\/strong><\/span><\/p>\n","protected":false},"excerpt":{"rendered":"<p>Damasco,SANA Les ofrecemos a continuaci\u00f3n, un resumen de las m\u00e1s destacadas noticias de Siria publicadas por nuestra agencia: Decreto Legislativo aumenta las pensiones otorgadas a las familias de militares m\u00e1rtires y desaparecidos El presidente Bashar Al-Assad, promulg\u00f3 hoy el Decreto Legislativo No. 5 que otorga un aumento mensual de 20 mil libras a las pensiones &hellip;<\/p>\n","protected":false},"author":35,"featured_media":133053,"comment_status":"closed","ping_status":"closed","sticky":false,"template":"","format":"standard","meta":{"footnotes":""},"categories":[555,597],"tags":[],"class_list":["post-133052","post","type-post","status-publish","format-standard","has-post-thumbnail","","category-prensa","category-cinta-de-noticias"],"_links":{"self":[{"href":"https:\/\/archive.sana.sy\/es\/index.php?rest_route=\/wp\/v2\/posts\/133052"}],"collection":[{"href":"https:\/\/archive.sana.sy\/es\/index.php?rest_route=\/wp\/v2\/posts"}],"about":[{"href":"https:\/\/archive.sana.sy\/es\/index.php?rest_route=\/wp\/v2\/types\/post"}],"author":[{"embeddable":true,"href":"https:\/\/archive.sana.sy\/es\/index.php?rest_route=\/wp\/v2\/users\/35"}],"replies":[{"embeddable":true,"href":"https:\/\/archive.sana.sy\/es\/index.php?rest_route=%2Fwp%2Fv2%2Fcomments&post=133052"}],"version-history":[{"count":0,"href":"https:\/\/archive.sana.sy\/es\/index.php?rest_route=\/wp\/v2\/posts\/133052\/revisions"}],"wp:featuredmedia":[{"embeddable":true,"href":"https:\/\/archive.sana.sy\/es\/index.php?rest_route=\/wp\/v2\/media\/133053"}],"wp:attachment":[{"href":"https:\/\/archive.sana.sy\/es\/index.php?rest_route=%2Fwp%2Fv2%2Fmedia&parent=133052"}],"wp:term":[{"taxonomy":"category","embeddable":true,"href":"https:\/\/archive.sana.sy\/es\/index.php?rest_route=%2Fwp%2Fv2%2Fcategories&post=133052"},{"taxonomy":"post_tag","embeddable":true,"href":"https:\/\/archive.sana.sy\/es\/index.php?rest_route=%2Fwp%2Fv2%2Ftags&post=133052"}],"curies":[{"name":"wp","href":"https:\/\/api.w.org\/{rel}","templated":true}]}}