{"id":133058,"date":"2020-03-02T10:40:44","date_gmt":"2020-03-02T08:40:44","guid":{"rendered":"http:\/\/sana.sy\/es\/?p=133058"},"modified":"2020-03-02T10:40:44","modified_gmt":"2020-03-02T08:40:44","slug":"ejercito-arabe-sirio-entra-en-la-estrategica-ciudad-de-saraqueb-en-la-provincia-de-idleb-tras-violentos-choques-con-los-terroristas-proturcos-y-comienza-operaciones-de-peinado-en-la-misma","status":"publish","type":"post","link":"https:\/\/archive.sana.sy\/es\/?p=133058","title":{"rendered":"Ej\u00e9rcito \u00e1rabe sirio entra en la estrat\u00e9gica ciudad de Saraqueb en la provincia de Idleb tras violentos choques con los terroristas proturcos, y comienza operaciones de peinado en la misma"},"content":{"rendered":"","protected":false},"excerpt":{"rendered":"","protected":false},"author":35,"featured_media":0,"comment_status":"closed","ping_status":"closed","sticky":false,"template":"","format":"standard","meta":{"footnotes":""},"categories":[596],"tags":[],"class_list":["post-133058","post","type-post","status-publish","format-standard","","category-urgente"],"_links":{"self":[{"href":"https:\/\/archive.sana.sy\/es\/index.php?rest_route=\/wp\/v2\/posts\/133058"}],"collection":[{"href":"https:\/\/archive.sana.sy\/es\/index.php?rest_route=\/wp\/v2\/posts"}],"about":[{"href":"https:\/\/archive.sana.sy\/es\/index.php?rest_route=\/wp\/v2\/types\/post"}],"author":[{"embeddable":true,"href":"https:\/\/archive.sana.sy\/es\/index.php?rest_route=\/wp\/v2\/users\/35"}],"replies":[{"embeddable":true,"href":"https:\/\/archive.sana.sy\/es\/index.php?rest_route=%2Fwp%2Fv2%2Fcomments&post=133058"}],"version-history":[{"count":0,"href":"https:\/\/archive.sana.sy\/es\/index.php?rest_route=\/wp\/v2\/posts\/133058\/revisions"}],"wp:attachment":[{"href":"https:\/\/archive.sana.sy\/es\/index.php?rest_route=%2Fwp%2Fv2%2Fmedia&parent=133058"}],"wp:term":[{"taxonomy":"category","embeddable":true,"href":"https:\/\/archive.sana.sy\/es\/index.php?rest_route=%2Fwp%2Fv2%2Fcategories&post=133058"},{"taxonomy":"post_tag","embeddable":true,"href":"https:\/\/archive.sana.sy\/es\/index.php?rest_route=%2Fwp%2Fv2%2Ftags&post=133058"}],"curies":[{"name":"wp","href":"https:\/\/api.w.org\/{rel}","templated":true}]}}