{"id":133086,"date":"2020-03-02T13:48:38","date_gmt":"2020-03-02T11:48:38","guid":{"rendered":"http:\/\/sana.sy\/es\/?p=133086"},"modified":"2020-03-02T13:48:38","modified_gmt":"2020-03-02T11:48:38","slug":"ministerio-de-exteriores-y-expatriados-la-agresion-turca-demuestra-una-vez-mas-la-falta-del-regimen-de-erdogan-al-minimo-nivel-de-credibilidad-al-violar-e-incumplir-sus-obligaciones-en-virtud-del-pro","status":"publish","type":"post","link":"https:\/\/archive.sana.sy\/es\/?p=133086","title":{"rendered":"Ministerio de Exteriores y Expatriados: la agresi\u00f3n turca demuestra una vez m\u00e1s la falta del r\u00e9gimen de Erdogan al m\u00ednimo nivel de credibilidad al violar e incumplir sus obligaciones en virtud del proceso de Astan\u00e1 y los entendimientos de Sochi, y su insistencia a permanecer en una sola trinchera con los grupos terroristas"},"content":{"rendered":"","protected":false},"excerpt":{"rendered":"","protected":false},"author":32,"featured_media":0,"comment_status":"closed","ping_status":"closed","sticky":false,"template":"","format":"standard","meta":{"footnotes":""},"categories":[596],"tags":[],"class_list":["post-133086","post","type-post","status-publish","format-standard","","category-urgente"],"_links":{"self":[{"href":"https:\/\/archive.sana.sy\/es\/index.php?rest_route=\/wp\/v2\/posts\/133086"}],"collection":[{"href":"https:\/\/archive.sana.sy\/es\/index.php?rest_route=\/wp\/v2\/posts"}],"about":[{"href":"https:\/\/archive.sana.sy\/es\/index.php?rest_route=\/wp\/v2\/types\/post"}],"author":[{"embeddable":true,"href":"https:\/\/archive.sana.sy\/es\/index.php?rest_route=\/wp\/v2\/users\/32"}],"replies":[{"embeddable":true,"href":"https:\/\/archive.sana.sy\/es\/index.php?rest_route=%2Fwp%2Fv2%2Fcomments&post=133086"}],"version-history":[{"count":0,"href":"https:\/\/archive.sana.sy\/es\/index.php?rest_route=\/wp\/v2\/posts\/133086\/revisions"}],"wp:attachment":[{"href":"https:\/\/archive.sana.sy\/es\/index.php?rest_route=%2Fwp%2Fv2%2Fmedia&parent=133086"}],"wp:term":[{"taxonomy":"category","embeddable":true,"href":"https:\/\/archive.sana.sy\/es\/index.php?rest_route=%2Fwp%2Fv2%2Fcategories&post=133086"},{"taxonomy":"post_tag","embeddable":true,"href":"https:\/\/archive.sana.sy\/es\/index.php?rest_route=%2Fwp%2Fv2%2Ftags&post=133086"}],"curies":[{"name":"wp","href":"https:\/\/api.w.org\/{rel}","templated":true}]}}