{"id":133125,"date":"2020-03-02T18:20:42","date_gmt":"2020-03-02T16:20:42","guid":{"rendered":"http:\/\/sana.sy\/es\/?p=133125"},"modified":"2023-01-10T14:34:00","modified_gmt":"2023-01-10T12:34:00","slug":"siete-heridos-en-ataques-terroristas-con-proyectiles-contra-una-localidad-en-el-noroeste-de-hama","status":"publish","type":"post","link":"https:\/\/archive.sana.sy\/es\/?p=133125","title":{"rendered":"Muertos y heridos en ataque terrorista con proyectiles contra una localidad en el noroeste de Hama"},"content":{"rendered":"<p style=\"text-align: justify;\"><strong><span style=\"color: #800000;\">Hama, SANA<\/span><\/strong><\/p>\n<p style=\"text-align: justify;\">Dos personas perdieron la vida y siete resultaron heridas en ataque terrorista con proyectiles contra la localidad de Yurin situada en los extremos noroeste de la provincia central de Hama.<\/p>\n<p style=\"text-align: justify;\">\u201cOrganizaciones terroristas que reciben apoyo del r\u00e9gimen turco atacaron con cohetes la localidad de Yurin&#8221;, se\u00f1al\u00f3 el reportero de SANA, y a\u00f1adi\u00f3 que &#8220;uno de los proyectiles impact\u00f3 en una casa donde se realizaba un velorio, hecho que caus\u00f3 la muerte de una mujer y un menor y lesiones a siete civiles\u201d.<\/p>\n<p style=\"text-align: justify;\">Agreg\u00f3 que los lesionados fueron ingresados en el hospital nacional de la cercana ciudad Suquelbieh para recibir la atenci\u00f3n m\u00e9dica necesaria.<\/p>\n<p style=\"text-align: justify;\"><span style=\"color: #800000;\"><strong>L.A\/ Y.K<\/strong><\/span><\/p>\n","protected":false},"excerpt":{"rendered":"<p>Hama, SANA Dos personas perdieron la vida y siete resultaron heridas en ataque terrorista con proyectiles contra la localidad de Yurin situada en los extremos noroeste de la provincia central de Hama. \u201cOrganizaciones terroristas que reciben apoyo del r\u00e9gimen turco atacaron con cohetes la localidad de Yurin&#8221;, se\u00f1al\u00f3 el reportero de SANA, y a\u00f1adi\u00f3 que &hellip;<\/p>\n","protected":false},"author":24,"featured_media":133138,"comment_status":"closed","ping_status":"closed","sticky":false,"template":"","format":"standard","meta":{"footnotes":""},"categories":[447,597,573,7541],"tags":[],"class_list":["post-133125","post","type-post","status-publish","format-standard","has-post-thumbnail","","category-local-politica","category-cinta-de-noticias","category-la-realidad-de-los-acontecimientos-en-siria","category-ultimas-noticias"],"_links":{"self":[{"href":"https:\/\/archive.sana.sy\/es\/index.php?rest_route=\/wp\/v2\/posts\/133125"}],"collection":[{"href":"https:\/\/archive.sana.sy\/es\/index.php?rest_route=\/wp\/v2\/posts"}],"about":[{"href":"https:\/\/archive.sana.sy\/es\/index.php?rest_route=\/wp\/v2\/types\/post"}],"author":[{"embeddable":true,"href":"https:\/\/archive.sana.sy\/es\/index.php?rest_route=\/wp\/v2\/users\/24"}],"replies":[{"embeddable":true,"href":"https:\/\/archive.sana.sy\/es\/index.php?rest_route=%2Fwp%2Fv2%2Fcomments&post=133125"}],"version-history":[{"count":0,"href":"https:\/\/archive.sana.sy\/es\/index.php?rest_route=\/wp\/v2\/posts\/133125\/revisions"}],"wp:featuredmedia":[{"embeddable":true,"href":"https:\/\/archive.sana.sy\/es\/index.php?rest_route=\/wp\/v2\/media\/133138"}],"wp:attachment":[{"href":"https:\/\/archive.sana.sy\/es\/index.php?rest_route=%2Fwp%2Fv2%2Fmedia&parent=133125"}],"wp:term":[{"taxonomy":"category","embeddable":true,"href":"https:\/\/archive.sana.sy\/es\/index.php?rest_route=%2Fwp%2Fv2%2Fcategories&post=133125"},{"taxonomy":"post_tag","embeddable":true,"href":"https:\/\/archive.sana.sy\/es\/index.php?rest_route=%2Fwp%2Fv2%2Ftags&post=133125"}],"curies":[{"name":"wp","href":"https:\/\/api.w.org\/{rel}","templated":true}]}}