{"id":133143,"date":"2020-03-02T16:34:23","date_gmt":"2020-03-02T14:34:23","guid":{"rendered":"http:\/\/sana.sy\/es\/?p=133143"},"modified":"2023-01-10T14:34:00","modified_gmt":"2023-01-10T12:34:00","slug":"congresista-estadounidense-erdogan-es-el-dictador-mas-peligroso-del-mundo","status":"publish","type":"post","link":"https:\/\/archive.sana.sy\/es\/?p=133143","title":{"rendered":"Congresista estadounidense: Erdogan es el dictador m\u00e1s peligroso del mundo (+Video)"},"content":{"rendered":"<p style=\"text-align: justify;\"><span style=\"color: #800000;\">Damasco, SANA<\/span><\/p>\n<p style=\"text-align: justify;\">La congresista estadounidense, Tulsi Gabbard, denunci\u00f3 que los medios de comunicaci\u00f3n de su pa\u00eds est\u00e1n ocultando lo que est\u00e1 sucediendo en la provincia siria de Idleb con el objetivo de encubrir a la organizaci\u00f3n terrorista de al-Qaeda y protegerla.<\/p>\n<p style=\"text-align: justify;\">En un twitt suyo Gabbard se\u00f1al\u00f3 que Idleb es considerado como &#8220;el mayor basti\u00f3n de la organizaci\u00f3n terrorista de al-Qaeda&#8221;, y se\u00f1al\u00f3 que a pesar de que EEUU y el mundo son conscientes de este hecho, &#8220;los medios norteamericanos contin\u00faan identificando a los terroristas de la referida organizaci\u00f3n como \u201crebeldes\u201d y \u201cquieren salvaguardarlos\u201d.<\/p>\n<p style=\"text-align: justify;\">Record\u00f3 que el ex enviado especial para la Coalici\u00f3n Internacional contra la organizaci\u00f3n terrorista de Daesh, Brett McGurk, quien trabaj\u00f3 para las administraciones de los dos presidentes estadounidenses Barack Obama y Donald Trump, describi\u00f3 la provincia de Idleb como &#8220;el mayor foco de al-Qaeda desde los ataques de septiembre de 2001&#8221; y tambi\u00e9n record\u00f3 las declaraciones de Myles Caggins, portavoz de las operaciones de la referida alianza cuando dijo que &#8220;Idleb parece a un im\u00e1n que atrae a los grupos terroristas, la misma abarca a distintos grupos\u2026. todos son malos y peligrosos y representan una amenaza para los civiles inocentes&#8221;.<\/p>\n<p style=\"text-align: justify;\">Gabbard lament\u00f3 que los medios de su pa\u00eds siguen tratando de encubrir la verdadera cara de los grupos terroristas afiliados con al-Qaeda, entidad que Washington alega que es su primer enemigo y libra guerras en todo el mundo bajo el pretexto de eliminarla. Se dirigi\u00f3 a Trump y a los candidatos para las pr\u00f3ximas elecciones presidenciales de EEUU con una pregunta sobre su deseo de \u201cproteger o derrotar\u201d el basti\u00f3n de al-Qaeda en Idleb, y subray\u00f3 que &#8221; los votantes estadounidenses tienen derecho a saber la respuesta a esta pregunta&#8221;.<\/p>\n<p style=\"text-align: justify;\">Respecto al rol de Turqu\u00eda en Idleb, Gabbard tach\u00f3 la cabeza del r\u00e9gimen turco, Recep Tayyip Erdogan, como &#8220;el dictador m\u00e1s peligroso del mundo\u201d a\u00f1adiendo que el mismo \u201cno es amigo de Estados Unidos&#8221;, sino que \u201cquiere resucitar al Imperio Otomano y trabajar con al-Qaeda, entre otras organizaciones terroristas con el fin de lograr esta meta\u201d.<\/p>\n<p style=\"text-align: justify;\">L.A.<\/p>\n<p>&nbsp;<\/p>\n<p><iframe loading=\"lazy\" src=\"https:\/\/www.youtube.com\/embed\/snT-VlN0qcg\" width=\"620\" height=\"348\" frameborder=\"0\" allowfullscreen=\"allowfullscreen\"><\/iframe><\/p>\n","protected":false},"excerpt":{"rendered":"<p>Damasco, SANA La congresista estadounidense, Tulsi Gabbard, denunci\u00f3 que los medios de comunicaci\u00f3n de su pa\u00eds est\u00e1n ocultando lo que est\u00e1 sucediendo en la provincia siria de Idleb con el objetivo de encubrir a la organizaci\u00f3n terrorista de al-Qaeda y protegerla. En un twitt suyo Gabbard se\u00f1al\u00f3 que Idleb es considerado como &#8220;el mayor basti\u00f3n &hellip;<\/p>\n","protected":false},"author":24,"featured_media":133144,"comment_status":"closed","ping_status":"closed","sticky":false,"template":"","format":"standard","meta":{"footnotes":""},"categories":[447,597,467,7541],"tags":[],"class_list":["post-133143","post","type-post","status-publish","format-standard","has-post-thumbnail","","category-local-politica","category-cinta-de-noticias","category-siria-y-el-mundo","category-ultimas-noticias"],"_links":{"self":[{"href":"https:\/\/archive.sana.sy\/es\/index.php?rest_route=\/wp\/v2\/posts\/133143"}],"collection":[{"href":"https:\/\/archive.sana.sy\/es\/index.php?rest_route=\/wp\/v2\/posts"}],"about":[{"href":"https:\/\/archive.sana.sy\/es\/index.php?rest_route=\/wp\/v2\/types\/post"}],"author":[{"embeddable":true,"href":"https:\/\/archive.sana.sy\/es\/index.php?rest_route=\/wp\/v2\/users\/24"}],"replies":[{"embeddable":true,"href":"https:\/\/archive.sana.sy\/es\/index.php?rest_route=%2Fwp%2Fv2%2Fcomments&post=133143"}],"version-history":[{"count":0,"href":"https:\/\/archive.sana.sy\/es\/index.php?rest_route=\/wp\/v2\/posts\/133143\/revisions"}],"wp:featuredmedia":[{"embeddable":true,"href":"https:\/\/archive.sana.sy\/es\/index.php?rest_route=\/wp\/v2\/media\/133144"}],"wp:attachment":[{"href":"https:\/\/archive.sana.sy\/es\/index.php?rest_route=%2Fwp%2Fv2%2Fmedia&parent=133143"}],"wp:term":[{"taxonomy":"category","embeddable":true,"href":"https:\/\/archive.sana.sy\/es\/index.php?rest_route=%2Fwp%2Fv2%2Fcategories&post=133143"},{"taxonomy":"post_tag","embeddable":true,"href":"https:\/\/archive.sana.sy\/es\/index.php?rest_route=%2Fwp%2Fv2%2Ftags&post=133143"}],"curies":[{"name":"wp","href":"https:\/\/api.w.org\/{rel}","templated":true}]}}