{"id":133157,"date":"2020-03-03T09:37:57","date_gmt":"2020-03-03T07:37:57","guid":{"rendered":"http:\/\/sana.sy\/es\/?p=133157"},"modified":"2020-03-03T09:37:57","modified_gmt":"2020-03-03T07:37:57","slug":"siria-y-libia-intercambian-informaciones-sobre-miles-de-terroristas-que-turquia-envio-de-siria-a-libia","status":"publish","type":"post","link":"https:\/\/archive.sana.sy\/es\/?p=133157","title":{"rendered":"Siria y Libia intercambian informaciones sobre miles de terroristas que Turqu\u00eda envi\u00f3 de Siria a Libia"},"content":{"rendered":"<div>\n<p style=\"text-align: justify;\"><span style=\"color: #800000;\"><strong>Damasco, SANA<\/strong><\/span><\/p>\n<p style=\"text-align: justify;\">El ministro de Exteriores y Cooperaci\u00f3n Internacional de Libia, Abdul Hadi al-Hawaij, destac\u00f3 la importancia de coordinar las posiciones con Siria para enfrentar el plan otomano en la regi\u00f3n, y se\u00f1al\u00f3 que los dos pa\u00edses enfrentan desaf\u00edos comunes en su guerra contra el terrorismo apoyado por el r\u00e9gimen turco.<\/p>\n<p style=\"text-align: justify;\">En una entrevista con la televisi\u00f3n estatal siria, al-Hawaij dijo: &#8220;Siria es un pa\u00eds importante en la regi\u00f3n a pesar de todas las circunstancias que enfrenta y es capaz de superar todas las adversidades gracias a la firmeza de su pueblo, el hero\u00edsmo de su ej\u00e9rcito y la sabidur\u00eda de su l\u00edder&#8221;.<\/p>\n<p style=\"text-align: justify;\">&#8220;La guerra que libran Siria y Libia contra el terrorismo no es solo en por defensa propia sino en defensa de todos los pa\u00edses \u00e1rabes&#8221;, dijo el jefe de la diplomacia libia.<\/p>\n<p style=\"text-align: justify;\">Destac\u00f3 que uno de los objetivos m\u00e1s importantes de su visita a Siria es intercambiar informaci\u00f3n sobre los miles de terroristas y mercenarios que Erdogan envi\u00f3 del norte de Siria a Libia con el apoyo de la monarqu\u00eda de Qatar, y tach\u00f3 a esta \u00faltima como el &#8220;brazo financiero de todas las operaciones relacionadas con el env\u00edo de terroristas a Libia.<\/p>\n<p style=\"text-align: justify;\">Tambi\u00e9n enfatiz\u00f3 la importancia de reactivar la relaci\u00f3n entre Siria y Libia en varios campos pol\u00edticos, econ\u00f3micos y sociales, y se\u00f1al\u00f3\u00a0\u00a0en este sentido que hay unos 46 acuerdos de cooperaci\u00f3n firmados entre los dos pa\u00edses.<\/p>\n<p style=\"text-align: justify;\">Sobre la crisis en Libia, el canciller libio dijo: &#8220;Si la comunidad internacional es seria en resolver la crisis libia, debe detener el flujo de armas, material b\u00e9lico, terroristas y soldados turcos&#8221;.<\/p>\n<\/div>\n<p style=\"text-align: justify;\"><strong><span style=\"color: #0000ff;\">F.M\/ E.D<\/span><\/strong><\/p>\n","protected":false},"excerpt":{"rendered":"<p>Damasco, SANA El ministro de Exteriores y Cooperaci\u00f3n Internacional de Libia, Abdul Hadi al-Hawaij, destac\u00f3 la importancia de coordinar las posiciones con Siria para enfrentar el plan otomano en la regi\u00f3n, y se\u00f1al\u00f3 que los dos pa\u00edses enfrentan desaf\u00edos comunes en su guerra contra el terrorismo apoyado por el r\u00e9gimen turco. En una entrevista con &hellip;<\/p>\n","protected":false},"author":32,"featured_media":133158,"comment_status":"closed","ping_status":"closed","sticky":false,"template":"","format":"standard","meta":{"footnotes":""},"categories":[477,597,7541],"tags":[],"class_list":["post-133157","post","type-post","status-publish","format-standard","has-post-thumbnail","","category-noticias-edulcorantes","category-cinta-de-noticias","category-ultimas-noticias"],"_links":{"self":[{"href":"https:\/\/archive.sana.sy\/es\/index.php?rest_route=\/wp\/v2\/posts\/133157"}],"collection":[{"href":"https:\/\/archive.sana.sy\/es\/index.php?rest_route=\/wp\/v2\/posts"}],"about":[{"href":"https:\/\/archive.sana.sy\/es\/index.php?rest_route=\/wp\/v2\/types\/post"}],"author":[{"embeddable":true,"href":"https:\/\/archive.sana.sy\/es\/index.php?rest_route=\/wp\/v2\/users\/32"}],"replies":[{"embeddable":true,"href":"https:\/\/archive.sana.sy\/es\/index.php?rest_route=%2Fwp%2Fv2%2Fcomments&post=133157"}],"version-history":[{"count":0,"href":"https:\/\/archive.sana.sy\/es\/index.php?rest_route=\/wp\/v2\/posts\/133157\/revisions"}],"wp:featuredmedia":[{"embeddable":true,"href":"https:\/\/archive.sana.sy\/es\/index.php?rest_route=\/wp\/v2\/media\/133158"}],"wp:attachment":[{"href":"https:\/\/archive.sana.sy\/es\/index.php?rest_route=%2Fwp%2Fv2%2Fmedia&parent=133157"}],"wp:term":[{"taxonomy":"category","embeddable":true,"href":"https:\/\/archive.sana.sy\/es\/index.php?rest_route=%2Fwp%2Fv2%2Fcategories&post=133157"},{"taxonomy":"post_tag","embeddable":true,"href":"https:\/\/archive.sana.sy\/es\/index.php?rest_route=%2Fwp%2Fv2%2Ftags&post=133157"}],"curies":[{"name":"wp","href":"https:\/\/api.w.org\/{rel}","templated":true}]}}