{"id":133163,"date":"2020-03-03T10:13:24","date_gmt":"2020-03-03T08:13:24","guid":{"rendered":"http:\/\/sana.sy\/es\/?p=133163"},"modified":"2023-01-10T15:34:44","modified_gmt":"2023-01-10T13:34:44","slug":"boletin-informativo-martes-03-de-marzo-del-2020","status":"publish","type":"post","link":"https:\/\/archive.sana.sy\/es\/?p=133163","title":{"rendered":"Bolet\u00edn Informativo Martes, 03 de Marzo del 2020"},"content":{"rendered":"<p style=\"text-align: justify;\"><strong><span style=\"color: #800000;\">Damasco, SANA<\/span><\/strong><\/p>\n<p style=\"text-align: justify;\"><strong>\u00a0<\/strong><strong>Les ofrecemos a continuaci\u00f3n, un resumen de las m\u00e1s destacadas noticias de Siria publicadas por nuestra agencia:<\/strong><\/p>\n<p style=\"text-align: justify;\"><span style=\"color: #0000ff;\"><strong>Presidente al-Assad: la guerra contra el terrorismo determinar\u00e1 el destino de toda la regi\u00f3n<\/strong><\/span><\/p>\n<p style=\"text-align: justify;\">El presidente Bashar Al-Assad, recibi\u00f3 hoy a una delegaci\u00f3n libia encabezada por el viceprimer ministro, Abdul Rahman Al-Ahiresh, y el ministro de Exteriores y Cooperaci\u00f3n Internacional, Abdul-Hadi al-Hawaij.<\/p>\n<p style=\"text-align: justify;\">Durante la reuni\u00f3n, fueron repasados los \u00faltimos desarrollos en Siria y Libia, la batalla que ambos pa\u00edses est\u00e1n librando contra el terrorismo y la injerencia externa en todas sus formas.<\/p>\n<p style=\"text-align: justify;\">Se enfatiz\u00f3 que la lucha que ambos pa\u00edses llevan contra el terrorismo determinar\u00e1 el destino de toda la regi\u00f3n ya que se enfrenta a los proyectos que tratan de imponer algunos gobiernos, especialmente el r\u00e9gimen turco, a trav\u00e9s de sus mercenarios.<\/p>\n<p style=\"text-align: justify;\">\u00a0Aseguraron que las pol\u00edticas turcas se basan en el uso del terrorismo para lograr sus intereses que se han convertido en el factor principal de desestabilizaci\u00f3n en toda la regi\u00f3n.<\/p>\n<p style=\"text-align: justify;\">Las dos partes discutieron la reactivaci\u00f3n de la cooperaci\u00f3n bilateral en todos los campos y aseguraron que el primer paso ser\u00e1 mediante la reanudaci\u00f3n de las misiones diplom\u00e1ticas y la revitalizaci\u00f3n de las relaciones.<\/p>\n<p style=\"text-align: justify;\"><strong><span style=\"color: #0000ff;\">Siria reafirma que el destino de la agresi\u00f3n turca es el fracaso inevitable<\/span><\/strong><\/p>\n<p style=\"text-align: justify;\">La Rep\u00fablica \u00c1rabe Siria expres\u00f3 su en\u00e9rgica condena y rechazo categ\u00f3rico a la brutal agresi\u00f3n turca contra la soberan\u00eda siria.<\/p>\n<p style=\"text-align: justify;\">Una fuente del Ministerio de Exteriores y Expatriados declar\u00f3 que \u201cla agresi\u00f3n turca demuestra una vez m\u00e1s la falta del r\u00e9gimen de Erdogan al m\u00ednimo nivel de credibilidad al violar e incumplir sus obligaciones en virtud del proceso de Astan\u00e1 y los entendimientos de Sochi, y su insistencia a permanecer en una sola trinchera con los grupos terroristas\u201d.<\/p>\n<p style=\"text-align: justify;\">\u201cSiria expresa su en\u00e9rgica condena y rechazo categ\u00f3rico a la brutal agresi\u00f3n turca resultante del comportamiento agresivo del r\u00e9gimen de Erdogan y su apoyo ilimitado a los grupos terroristas\u201d, acot\u00f3 la fuente.<\/p>\n<p style=\"text-align: justify;\">Agreg\u00f3 que \u201ceste r\u00e9gimen gener\u00f3 ruina y destrucci\u00f3n en la implementaci\u00f3n de su agenda extremista, sus ambiciones expansionistas y las ilusiones de la enferma mentalidad de Erdogan en revivir a un imperio que ya no existe\u201d.<\/p>\n<p style=\"text-align: justify;\">\u201cErdogan pretende con su agresi\u00f3n contra Siria escapar de las crisis internas resultantes de sus incorrectas pol\u00edticas exteriores e interiores\u201d, afirm\u00f3.<\/p>\n<p style=\"text-align: justify;\">Seg\u00fan la fuente, la Rep\u00fablica \u00c1rabe Siria, que ha luchado y sigue luchando contra los grupos terroristas y les infligi\u00f3 derrotas humillantes, confirma la determinaci\u00f3n de enfrentar la flagrante agresi\u00f3n turca con toda firmeza y poner fin a todas las intervenciones turcas, y asegura que el destino de esta agresi\u00f3n es el fracaso inevitable, especialmente en lo que respecta al rescate de los grupos terroristas colapsados.<\/p>\n<p style=\"text-align: justify;\">\u201cSiria exhorta a la comunidad internacional para que condene la agresi\u00f3n turca que constituye una violaci\u00f3n flagrante del derecho internacional, y que ponga fin a los comportamientos del r\u00e9gimen de Erdogan que apoya el terrorismo y favorece su propagaci\u00f3n en la regi\u00f3n y el mundo al transferir terroristas a Libia\u201d, indic\u00f3.<\/p>\n<p style=\"text-align: justify;\">La Canciller\u00eda destac\u00f3 adem\u00e1s que este r\u00e9gimen utiliza el sufrimiento de los sirios para chantajear a los pa\u00edses europeos al permitir que oleadas de personas desplazadas se dirijan a Europa, lo que representa una grave amenaza para la paz, la seguridad y la estabilidad internacionales.<\/p>\n<p style=\"text-align: justify;\"><strong><span style=\"color: #0000ff;\">Ej\u00e9rcito sirio entra en ciudad de Saraqueb tras violentos choques con las organizaciones terroristas proturcas<\/span><\/strong><\/p>\n<p style=\"text-align: justify;\">Unidades del ej\u00e9rcito \u00e1rabe sirio entraron hoy en la estrat\u00e9gica ciudad de Saraqueb en la provincia de Idleb tras violentos choques con los terroristas proturcos.<\/p>\n<p style=\"text-align: justify;\">El corresponsal de SANA report\u00f3 que los militares est\u00e1n llevando a cabo operaciones de peinado en la localidad, y agreg\u00f3 que numerosos terroristas, la mayor\u00eda de ellos son mercenarios extranjeros, fueron abatidos y el resto huy\u00f3 hacia otras zonas de Idleb.<\/p>\n<p style=\"text-align: justify;\">Paralelamente, las unidades del ej\u00e9rcito contin\u00faan sus operaciones en las localidades de al-Dar al-Kabira y Hazaran en las afueras de la regi\u00f3n Jabal Al-Zawiya en el sur de Idleb, y atacaron los terroristas y destruyeron sus veh\u00edculos blindados suministrados por el r\u00e9gimen turco.<\/p>\n<p style=\"text-align: justify;\">En la v\u00edspera, el ej\u00e9rcito derrib\u00f3 tres drones del r\u00e9gimen turco durante las operaciones militares contra las organizaciones terroristas en Idleb.<\/p>\n<p style=\"text-align: justify;\"><strong><span style=\"color: #0000ff;\">Dos muertos y siete heridos en ataque terrorista con proyectiles contra una localidad en el noroeste de Hama<\/span><\/strong><\/p>\n<p style=\"text-align: justify;\">Dos personas perdieron la vida y siete resultaron heridas en ataque terrorista con proyectiles contra la localidad de Yurin situada en los extremos noroeste de la provincia central de Hama.<\/p>\n<p style=\"text-align: justify;\">\u201cOrganizaciones terroristas que reciben apoyo del r\u00e9gimen turco atacaron con cohetes la localidad de Yurin\u201d, se\u00f1al\u00f3 el reportero de SANA, y a\u00f1adi\u00f3 que \u201cuno de los proyectiles impact\u00f3 en una casa donde se realizaba un velorio, hecho que caus\u00f3 la muerte de una mujer y un menor y lesiones a siete civiles\u201d.<\/p>\n<p style=\"text-align: justify;\">Agreg\u00f3 que los lesionados fueron ingresados en el hospital nacional de la cercana ciudad Suquelbieh para recibir la atenci\u00f3n m\u00e9dica necesaria.<\/p>\n<p style=\"text-align: justify;\"><strong>Rusia ratifica que mantendr\u00e1 su apoyo a Siria en la lucha contra el terrorismo<\/strong><\/p>\n<p style=\"text-align: justify;\">Rusia reiter\u00f3 hoy que mantendr\u00e1 su apoyo a Siria en la lucha contra el terrorismo.<\/p>\n<p style=\"text-align: justify;\">El portavoz de la presidencia rusa (El Kremlin), Domitri, Peskov, indic\u00f3 que su pa\u00eds est\u00e1 comprometido con la aplicaci\u00f3n de los acuerdos de Sochi.<\/p>\n<p style=\"text-align: justify;\">El vocero ruso afirm\u00f3 la v\u00edspera la necesidad de continuar la guerra contra el terrorismo en Siria, especialmente en Idleb.<\/p>\n<p style=\"text-align: justify;\">Destac\u00f3 que el r\u00e9gimen turco no cumpli\u00f3 sus obligaciones en virtud de los Acuerdos de Sochi, y se\u00f1al\u00f3 que las operaciones del Ej\u00e9rcito \u00c1rabe Sirio se producen en respuesta a los continuos ataques de las organizaciones terroristas contra los civiles, las posiciones del ej\u00e9rcito sirio y la base de Hemeimem.<\/p>\n<p style=\"text-align: justify;\">Congresista estadounidense: Erdogan es el dictador m\u00e1s peligroso del mundo.<\/p>\n<p style=\"text-align: justify;\">La congresista estadounidense, Tulsi Gabbard, denunci\u00f3 que los medios de comunicaci\u00f3n de su pa\u00eds est\u00e1n ocultando lo que est\u00e1 sucediendo en la provincia siria de Idleb con el objetivo de encubrir a la organizaci\u00f3n terrorista de al-Qaeda y protegerla.<\/p>\n<p style=\"text-align: justify;\">En un twitt suyo, Gabbard se\u00f1al\u00f3 que Idleb es considerado como \u201cel mayor basti\u00f3n de la organizaci\u00f3n terrorista al-Qaeda\u201d, y agreg\u00f3 que a pesar de que EEUU y el mundo son conscientes de este hecho, los medios norteamericanos contin\u00faan identificando a los terroristas de la referida organizaci\u00f3n como \u201crebeldes\u201d y \u201cquieren salvaguardarlos\u201d.<\/p>\n<p style=\"text-align: justify;\">Record\u00f3 que el ex enviado especial para la Coalici\u00f3n Internacional contra la organizaci\u00f3n terrorista Daesh, Brett McGurk, quien trabaj\u00f3 para las administraciones de los dos presidentes estadounidenses Barack Obama y Donald Trump, describi\u00f3 la provincia de Idleb como \u201cel mayor foco de al-Qaeda desde los ataques de septiembre de 2001\u201d.<\/p>\n<p style=\"text-align: justify;\">Tambi\u00e9n, record\u00f3 las declaraciones de Myles Caggins, portavoz de las operaciones de la referida alianza cuando dijo que \u201cIdleb parece un im\u00e1n que atrae a los grupos terroristas y todos son malos y peligrosos y representan una amenaza para los civiles inocentes\u201d.<\/p>\n<p style=\"text-align: justify;\">Gabbard lament\u00f3 que los medios de su pa\u00eds sigan tratando de encubrir la verdadera cara de los grupos terroristas afiliados con al-Qaeda, entidad que Washington alega que es su primer enemigo y libra guerras en todo el mundo bajo el pretexto de eliminarla.<\/p>\n<p style=\"text-align: justify;\">Se dirigi\u00f3 a Trump y a los candidatos para las pr\u00f3ximas elecciones presidenciales de EEUU con una pregunta sobre su deseo de \u201cproteger o derrotar\u201d el basti\u00f3n de al-Qaeda en Idleb, y subray\u00f3 que \u201clos votantes estadounidenses tienen derecho a saber la respuesta a esta pregunta\u201d.<\/p>\n<p style=\"text-align: justify;\">Respecto al rol de Turqu\u00eda en Idleb, Gabbard tach\u00f3 la cabeza del r\u00e9gimen turco, Recep Tayyip Erdogan, como \u201cel dictador m\u00e1s peligroso del mundo\u201d y a\u00f1adi\u00f3 que el mismo \u201cno es amigo de Estados Unidos\u201d, sino que \u201cquiere resucitar al Imperio Otomano y trabajar con al-Qaeda, entre otras organizaciones terroristas con el fin de lograr esta meta\u201d.<\/p>\n<p style=\"text-align: justify;\"><span style=\"color: #0000ff;\"><strong>Unos 270 mil ni\u00f1os sirios no tienen acceso a las vacunas debido al terrorismo y la agresi\u00f3n turca<\/strong><\/span><\/p>\n<p style=\"text-align: justify;\">El Ministerio de Salud anunci\u00f3 que la primera campa\u00f1a nacional de vacunaci\u00f3n contra la poliomielitis para el 2020 lleg\u00f3 a m\u00e1s de dos millones 600 mil ni\u00f1os menores de cinco a\u00f1os, y logr\u00f3 el 94 por ciento de su objetivo.<\/p>\n<p style=\"text-align: justify;\">En un comunicado con los resultados de la campa\u00f1a realizada por el Ministerio en cooperaci\u00f3n con la Organizaci\u00f3n Mundial de Salud (OMS) y el UNICEF entre el 16 y el 20 de febrero pasado, el Director de Atenci\u00f3n Primaria de Salud, Fadi Kassis, resalt\u00f3 que el porcentaje de ejecuci\u00f3n de esta campa\u00f1a es la m\u00e1s alta durante los a\u00f1os de la guerra terrorista en Siria, en comparaci\u00f3n con las dos campa\u00f1as anteriores cuyo porcentaje de implementaci\u00f3n alcanz\u00f3 el 91%.<\/p>\n<p style=\"text-align: justify;\">La \u00faltima campa\u00f1a de vacunaci\u00f3n estaba destinada a inmunizar a unos dos millones 800 mil ni\u00f1os menores de cinco a\u00f1os y se llev\u00f3 a cabo a trav\u00e9s de 967 centros de salud fijos y dos mil 336 equipos m\u00f3viles que cubrieron todas las provincias.<\/p>\n<p style=\"text-align: justify;\">Kassis indic\u00f3 que los equipos de vacunaci\u00f3n llegaron por primera vez a \u00e1reas liberadas de la provincia de Idleb gracias a los h\u00e9roes del Ej\u00e9rcito sirio, donde se logr\u00f3 vacunar a 5 mil 500 ni\u00f1os menores de cinco a\u00f1os; y lament\u00f3 que la campa\u00f1a no pudo tener acceso a 270 mil ni\u00f1os debido al terrorismo y la agresi\u00f3n turca en las regiones nororientales.<\/p>\n<p style=\"text-align: justify;\">\u201cEl Ministerio de Salud lanza anualmente dos campa\u00f1as nacionales anti polio, sin embargo, el mismo lanzar\u00e1 una campa\u00f1a de vacunaci\u00f3n provisional para cubrir los bajos porcentajes de cobertura y algunas \u00e1reas de dif\u00edcil acceso\u201d, inform\u00f3.<\/p>\n<p style=\"text-align: justify;\">En 1995 Siria fue anunciada por primera vez libre de la polio, epidemia que regres\u00f3 al pa\u00eds \u00e1rabe en 2013 mediante los grupos terroristas extranjeros. En respuesta al nuevo brote, el Ministerio de Salud lanz\u00f3 una serie de campa\u00f1as nacionales de vacunaci\u00f3n hasta que lograron erradicar la epidemia en 2018 y anunciar nuevamente a Siria libre de la polio, un logro que fue calificado por la OMS como \u201cuna victoria para la salud p\u00fablica a nivel regional y mundial\u201d.<\/p>\n<p style=\"text-align: justify;\"><strong><span style=\"color: #0000ff;\">Putin: Rusia no tiene intenci\u00f3n de entrar en guerra contra nadie<\/span><\/strong><\/p>\n<p style=\"text-align: justify;\">El presidente ruso Vladimir Putin, dijo que su pa\u00eds no tiene la intenci\u00f3n de entrar en guerra con nadie pero al mismo tiempo crear condiciones que disuaden a otros pa\u00edses de desatar un conflicto armado con Mosc\u00fa.<\/p>\n<p style=\"text-align: justify;\">&#8220;No tenemos la intenci\u00f3n de entrar en guerra con nadie, pero estamos creando una situaci\u00f3n en el campo de defensa para que no se le ocurra a otros pensar en una guerra con nosotros&#8221;, dijo Putin en una entrevista con TASS dentro del programa &#8220;20 preguntas para Vladimir Putin&#8221;.<\/p>\n<p style=\"text-align: justify;\">El mandatario ruso enfatiz\u00f3 que estaba listo para discutir con el presidente de Estados Unidos, Donald Trump, sobre el destino del Tratado para reducir y limitar a\u00fan m\u00e1s las armas ofensivas estrat\u00e9gicas porque negarse a extender el documento ser\u00eda un error.<\/p>\n<p style=\"text-align: justify;\">El presidente dijo que Washington gasta mucho m\u00e1s en defensa que Mosc\u00fa, y se\u00f1al\u00f3 que Rusia ocupa el s\u00e9ptimo lugar en el mundo en t\u00e9rminos del tama\u00f1o del presupuesto militar despu\u00e9s de Estados Unidos y precis\u00f3 que el gasto b\u00e9lico ruso disminuye de a\u00f1o en a\u00f1o.<\/p>\n<p style=\"text-align: justify;\"><strong><span style=\"color: #0000ff;\">Fuerzas iraqu\u00edes lanzan operaci\u00f3n para liberar el desierto del terrorismo<\/span><\/strong><\/p>\n<p style=\"text-align: justify;\">Las fuerzas conjuntas iraqu\u00edes destruyeron una sede de la organizaci\u00f3n terrorista (Daesh) en el marco de sus operaciones lanzadas para liberar\u00a0 el desierto que une las provincias de N\u00ednive, Salah al-Din y Anbar.<\/p>\n<p style=\"text-align: justify;\">Seg\u00fan el sitio de noticias Alsumaria, las fuerzas del ej\u00e9rcito iraqu\u00ed y de la Fuerza Popular (Hashed Shaabi) ocuparon el lugar donde los extremistas almacenaban sus suministros m\u00e9dicos entre otros insumos.<\/p>\n<p style=\"text-align: justify;\">Anteriormente, las tropas iraqu\u00edes realizaron una operaci\u00f3n antiterrorista en la provincia de\u00a0 Al-Anbar\u00a0 contra las agrupaciones\u00a0 del Estado Isl\u00e1mico .<\/p>\n<p style=\"text-align: justify;\">Para actualizarse m\u00e1s de Siria y ver videos, fotos y reportajes en espa\u00f1ol s\u00edguenos en nuestro sitio <a href=\"https:\/\/www.sana.sy\/es\/\"><strong>https:\/\/www.sana.sy\/es\/<\/strong><\/a>, nuestras p\u00e1ginas en Facebook <a href=\"https:\/\/www.facebook.com\/SANA.Noticias\/\"><strong>https:\/\/www.facebook.com\/SANA.Noticias\/<\/strong><\/a><\/p>\n<p style=\"text-align: justify;\">y en Twitter <a href=\"https:\/\/twitter.com\/SanaAgencia\"><strong>https:\/\/twitter.com\/SanaAgencia<\/strong><\/a><strong>.<\/strong><\/p>\n<p style=\"text-align: justify;\"><strong>Cont\u00e1ctenos: <\/strong><\/p>\n<p style=\"text-align: justify;\"><strong>agenciasiriasana<\/strong><strong>@<\/strong><strong>gmail.com<\/strong><\/p>\n<p style=\"text-align: justify;\"><strong>Tel\u00e9fono: 00 963 11 5490700<\/strong><\/p>\n","protected":false},"excerpt":{"rendered":"<p>Damasco, SANA \u00a0Les ofrecemos a continuaci\u00f3n, un resumen de las m\u00e1s destacadas noticias de Siria publicadas por nuestra agencia: Presidente al-Assad: la guerra contra el terrorismo determinar\u00e1 el destino de toda la regi\u00f3n El presidente Bashar Al-Assad, recibi\u00f3 hoy a una delegaci\u00f3n libia encabezada por el viceprimer ministro, Abdul Rahman Al-Ahiresh, y el ministro de &hellip;<\/p>\n","protected":false},"author":32,"featured_media":133053,"comment_status":"closed","ping_status":"closed","sticky":false,"template":"","format":"standard","meta":{"footnotes":""},"categories":[447,555,597],"tags":[17631],"class_list":["post-133163","post","type-post","status-publish","format-standard","has-post-thumbnail","","category-local-politica","category-prensa","category-cinta-de-noticias","tag-boletin-informativo-martes-03-de-marzo-del-2020"],"_links":{"self":[{"href":"https:\/\/archive.sana.sy\/es\/index.php?rest_route=\/wp\/v2\/posts\/133163"}],"collection":[{"href":"https:\/\/archive.sana.sy\/es\/index.php?rest_route=\/wp\/v2\/posts"}],"about":[{"href":"https:\/\/archive.sana.sy\/es\/index.php?rest_route=\/wp\/v2\/types\/post"}],"author":[{"embeddable":true,"href":"https:\/\/archive.sana.sy\/es\/index.php?rest_route=\/wp\/v2\/users\/32"}],"replies":[{"embeddable":true,"href":"https:\/\/archive.sana.sy\/es\/index.php?rest_route=%2Fwp%2Fv2%2Fcomments&post=133163"}],"version-history":[{"count":0,"href":"https:\/\/archive.sana.sy\/es\/index.php?rest_route=\/wp\/v2\/posts\/133163\/revisions"}],"wp:featuredmedia":[{"embeddable":true,"href":"https:\/\/archive.sana.sy\/es\/index.php?rest_route=\/wp\/v2\/media\/133053"}],"wp:attachment":[{"href":"https:\/\/archive.sana.sy\/es\/index.php?rest_route=%2Fwp%2Fv2%2Fmedia&parent=133163"}],"wp:term":[{"taxonomy":"category","embeddable":true,"href":"https:\/\/archive.sana.sy\/es\/index.php?rest_route=%2Fwp%2Fv2%2Fcategories&post=133163"},{"taxonomy":"post_tag","embeddable":true,"href":"https:\/\/archive.sana.sy\/es\/index.php?rest_route=%2Fwp%2Fv2%2Ftags&post=133163"}],"curies":[{"name":"wp","href":"https:\/\/api.w.org\/{rel}","templated":true}]}}