{"id":133173,"date":"2020-03-03T15:05:10","date_gmt":"2020-03-03T13:05:10","guid":{"rendered":"http:\/\/sana.sy\/es\/?p=133173"},"modified":"2020-03-03T15:35:26","modified_gmt":"2020-03-03T13:35:26","slug":"reapertura-de-la-embajada-de-libia-en-damasco","status":"publish","type":"post","link":"https:\/\/archive.sana.sy\/es\/?p=133173","title":{"rendered":"Reapertura de la embajada de Libia en Damasco"},"content":{"rendered":"<div>\n<p style=\"text-align: justify;\"><strong><span style=\"color: #800000;\">Damasco, SANA<\/span><\/strong><\/p>\n<p style=\"text-align: justify;\">La embajada de Libia en Damasco fue reabierta hoy anunciando as\u00ed la reactivaci\u00f3n de las representaciones diplom\u00e1ticas entre los dos pa\u00edses hermanos.<\/p>\n<p style=\"text-align: justify;\">Asistieron al acto de reapertura de la misi\u00f3n diplom\u00e1tica el viceprimer ministro libio, Abdul Rahman Al-Ahirish, y el ministro de Exteriores y Cooperaci\u00f3n Internacional libio, Abdul Hadi Al-Hawaij, y el vicecanciller sirio, Faisal Mekdad.<\/p>\n<p style=\"text-align: justify;\">El domingo \u00faltimo, se firm\u00f3 un memorando de entendimiento entre el Ministerio de Exteriores y Expatriados de Siria y el Ministerio de Exteriores y Cooperaci\u00f3n Internacional de Libia para la reapertura de las misiones diplom\u00e1ticas y consulares.<\/p>\n<p style=\"text-align: justify;\">La nota estipula tambi\u00e9n la coordinaci\u00f3n de las posturas de los dos pa\u00edses en los foros internacionales y regionales, en particular en el enfrentamiento a la injerencia y agresi\u00f3n turcas en los dos pa\u00edses y desenmascarar sus pol\u00edticas expansionistas y coloniales, adem\u00e1s de trabajar para mejorar cooperaci\u00f3n en todos los campos.<\/p>\n<p style=\"text-align: justify;\"><b><i>Nota en desarrollo<\/i><\/b>..<\/p>\n<p style=\"text-align: justify;\"><span style=\"color: #0000ff;\"><strong>F.M\/ E.D<\/strong><\/span><\/p>\n<\/div>\n<p style=\"text-align: justify;\">\n","protected":false},"excerpt":{"rendered":"<p>Damasco, SANA La embajada de Libia en Damasco fue reabierta hoy anunciando as\u00ed la reactivaci\u00f3n de las representaciones diplom\u00e1ticas entre los dos pa\u00edses hermanos. Asistieron al acto de reapertura de la misi\u00f3n diplom\u00e1tica el viceprimer ministro libio, Abdul Rahman Al-Ahirish, y el ministro de Exteriores y Cooperaci\u00f3n Internacional libio, Abdul Hadi Al-Hawaij, y el vicecanciller &hellip;<\/p>\n","protected":false},"author":32,"featured_media":133174,"comment_status":"closed","ping_status":"closed","sticky":false,"template":"","format":"standard","meta":{"footnotes":""},"categories":[477,597,476],"tags":[17633],"class_list":["post-133173","post","type-post","status-publish","format-standard","has-post-thumbnail","","category-noticias-edulcorantes","category-cinta-de-noticias","category-locales","tag-reapertura-de-la-embajada-de-libia-en-damasco"],"_links":{"self":[{"href":"https:\/\/archive.sana.sy\/es\/index.php?rest_route=\/wp\/v2\/posts\/133173"}],"collection":[{"href":"https:\/\/archive.sana.sy\/es\/index.php?rest_route=\/wp\/v2\/posts"}],"about":[{"href":"https:\/\/archive.sana.sy\/es\/index.php?rest_route=\/wp\/v2\/types\/post"}],"author":[{"embeddable":true,"href":"https:\/\/archive.sana.sy\/es\/index.php?rest_route=\/wp\/v2\/users\/32"}],"replies":[{"embeddable":true,"href":"https:\/\/archive.sana.sy\/es\/index.php?rest_route=%2Fwp%2Fv2%2Fcomments&post=133173"}],"version-history":[{"count":0,"href":"https:\/\/archive.sana.sy\/es\/index.php?rest_route=\/wp\/v2\/posts\/133173\/revisions"}],"wp:featuredmedia":[{"embeddable":true,"href":"https:\/\/archive.sana.sy\/es\/index.php?rest_route=\/wp\/v2\/media\/133174"}],"wp:attachment":[{"href":"https:\/\/archive.sana.sy\/es\/index.php?rest_route=%2Fwp%2Fv2%2Fmedia&parent=133173"}],"wp:term":[{"taxonomy":"category","embeddable":true,"href":"https:\/\/archive.sana.sy\/es\/index.php?rest_route=%2Fwp%2Fv2%2Fcategories&post=133173"},{"taxonomy":"post_tag","embeddable":true,"href":"https:\/\/archive.sana.sy\/es\/index.php?rest_route=%2Fwp%2Fv2%2Ftags&post=133173"}],"curies":[{"name":"wp","href":"https:\/\/api.w.org\/{rel}","templated":true}]}}