{"id":133188,"date":"2020-03-03T12:55:54","date_gmt":"2020-03-03T10:55:54","guid":{"rendered":"http:\/\/sana.sy\/es\/?p=133188"},"modified":"2020-03-03T12:55:54","modified_gmt":"2020-03-03T10:55:54","slug":"fuente-militar-a-las-1103-de-esta-manana-del-martes-un-avion-de-combate-sirio-que-llevaba-a-cabo-una-mision-contra-las-organizaciones-terroristas-en-el-sur-de-idleb-fue-alcanzado-por-un-misil-disp","status":"publish","type":"post","link":"https:\/\/archive.sana.sy\/es\/?p=133188","title":{"rendered":"Fuente militar: a las 11:03 de esta ma\u00f1ana del martes, un avi\u00f3n de combate sirio que llevaba a cabo una misi\u00f3n contra las organizaciones terroristas en el sur de Idleb, fue alcanzado por un misil disparado por aviones del r\u00e9gimen turco, lo que caus\u00f3 la ca\u00edda del avi\u00f3n al noroeste de la liberada ciudad de Maaret al-Nouman."},"content":{"rendered":"","protected":false},"excerpt":{"rendered":"","protected":false},"author":35,"featured_media":0,"comment_status":"closed","ping_status":"closed","sticky":false,"template":"","format":"standard","meta":{"footnotes":""},"categories":[596],"tags":[],"class_list":["post-133188","post","type-post","status-publish","format-standard","","category-urgente"],"_links":{"self":[{"href":"https:\/\/archive.sana.sy\/es\/index.php?rest_route=\/wp\/v2\/posts\/133188"}],"collection":[{"href":"https:\/\/archive.sana.sy\/es\/index.php?rest_route=\/wp\/v2\/posts"}],"about":[{"href":"https:\/\/archive.sana.sy\/es\/index.php?rest_route=\/wp\/v2\/types\/post"}],"author":[{"embeddable":true,"href":"https:\/\/archive.sana.sy\/es\/index.php?rest_route=\/wp\/v2\/users\/35"}],"replies":[{"embeddable":true,"href":"https:\/\/archive.sana.sy\/es\/index.php?rest_route=%2Fwp%2Fv2%2Fcomments&post=133188"}],"version-history":[{"count":0,"href":"https:\/\/archive.sana.sy\/es\/index.php?rest_route=\/wp\/v2\/posts\/133188\/revisions"}],"wp:attachment":[{"href":"https:\/\/archive.sana.sy\/es\/index.php?rest_route=%2Fwp%2Fv2%2Fmedia&parent=133188"}],"wp:term":[{"taxonomy":"category","embeddable":true,"href":"https:\/\/archive.sana.sy\/es\/index.php?rest_route=%2Fwp%2Fv2%2Fcategories&post=133188"},{"taxonomy":"post_tag","embeddable":true,"href":"https:\/\/archive.sana.sy\/es\/index.php?rest_route=%2Fwp%2Fv2%2Ftags&post=133188"}],"curies":[{"name":"wp","href":"https:\/\/api.w.org\/{rel}","templated":true}]}}