{"id":133197,"date":"2020-03-03T15:10:09","date_gmt":"2020-03-03T13:10:09","guid":{"rendered":"http:\/\/sana.sy\/es\/?p=133197"},"modified":"2020-03-03T15:12:43","modified_gmt":"2020-03-03T13:12:43","slug":"un-caza-sirio-fue-alcanzado-por-un-misil-de-la-aviacion-del-regimen-turco-en-idleb","status":"publish","type":"post","link":"https:\/\/archive.sana.sy\/es\/?p=133197","title":{"rendered":"Un caza sirio fue alcanzado por un misil de la aviaci\u00f3n del r\u00e9gimen turco en Idleb"},"content":{"rendered":"<div>\n<p style=\"text-align: justify;\"><strong><span style=\"color: #800000;\"><u>Damasco, SANA<\/u><\/span><\/strong><\/p>\n<p style=\"text-align: justify;\">Un avi\u00f3n de combate del ej\u00e9rcito \u00e1rabe sirio fue alcanzado por un misil de la aviaci\u00f3n del r\u00e9gimen turco en la provincia de Idleb.<\/p>\n<p style=\"text-align: justify;\">&#8220;A las 11:03 de esta ma\u00f1ana del martes, un avi\u00f3n de combate sirio que llevaba a cabo una misi\u00f3n contra las organizaciones terroristas en el sur de Idleb, fue alcanzado por un misil disparado por aviones del r\u00e9gimen terrorista turco, lo que caus\u00f3 la ca\u00edda del avi\u00f3n al noroeste de la liberada ciudad de Maaret al-Nouman&#8221;, declar\u00f3 una fuente militar.<\/p>\n<p style=\"text-align: justify;\">El domingo \u00faltimo, el ej\u00e9rcito sirio derrib\u00f3 tres drones del r\u00e9gimen turco durante las operaciones militares contra las organizaciones armadas en la provincia de Idleb.<\/p>\n<p style=\"text-align: justify;\">El r\u00e9gimen turco utiliza los drones para proporcionar fuego de cobertura e informaci\u00f3n log\u00edstica y de reconocimiento a los elementos hostiles para apoyar sus ataques contra el ej\u00e9rcito sirio.<\/p>\n<p style=\"text-align: justify;\"><strong><span style=\"color: #0000ff;\">W.S\/F.M<\/span><\/strong><\/p>\n<\/div>\n<p style=\"text-align: justify;\">\n","protected":false},"excerpt":{"rendered":"<p>Damasco, SANA Un avi\u00f3n de combate del ej\u00e9rcito \u00e1rabe sirio fue alcanzado por un misil de la aviaci\u00f3n del r\u00e9gimen turco en la provincia de Idleb. &#8220;A las 11:03 de esta ma\u00f1ana del martes, un avi\u00f3n de combate sirio que llevaba a cabo una misi\u00f3n contra las organizaciones terroristas en el sur de Idleb, fue &hellip;<\/p>\n","protected":false},"author":35,"featured_media":133198,"comment_status":"closed","ping_status":"closed","sticky":false,"template":"","format":"standard","meta":{"footnotes":""},"categories":[477,597,573,476,7541],"tags":[],"class_list":["post-133197","post","type-post","status-publish","format-standard","has-post-thumbnail","","category-noticias-edulcorantes","category-cinta-de-noticias","category-la-realidad-de-los-acontecimientos-en-siria","category-locales","category-ultimas-noticias"],"_links":{"self":[{"href":"https:\/\/archive.sana.sy\/es\/index.php?rest_route=\/wp\/v2\/posts\/133197"}],"collection":[{"href":"https:\/\/archive.sana.sy\/es\/index.php?rest_route=\/wp\/v2\/posts"}],"about":[{"href":"https:\/\/archive.sana.sy\/es\/index.php?rest_route=\/wp\/v2\/types\/post"}],"author":[{"embeddable":true,"href":"https:\/\/archive.sana.sy\/es\/index.php?rest_route=\/wp\/v2\/users\/35"}],"replies":[{"embeddable":true,"href":"https:\/\/archive.sana.sy\/es\/index.php?rest_route=%2Fwp%2Fv2%2Fcomments&post=133197"}],"version-history":[{"count":0,"href":"https:\/\/archive.sana.sy\/es\/index.php?rest_route=\/wp\/v2\/posts\/133197\/revisions"}],"wp:featuredmedia":[{"embeddable":true,"href":"https:\/\/archive.sana.sy\/es\/index.php?rest_route=\/wp\/v2\/media\/133198"}],"wp:attachment":[{"href":"https:\/\/archive.sana.sy\/es\/index.php?rest_route=%2Fwp%2Fv2%2Fmedia&parent=133197"}],"wp:term":[{"taxonomy":"category","embeddable":true,"href":"https:\/\/archive.sana.sy\/es\/index.php?rest_route=%2Fwp%2Fv2%2Fcategories&post=133197"},{"taxonomy":"post_tag","embeddable":true,"href":"https:\/\/archive.sana.sy\/es\/index.php?rest_route=%2Fwp%2Fv2%2Ftags&post=133197"}],"curies":[{"name":"wp","href":"https:\/\/api.w.org\/{rel}","templated":true}]}}