{"id":133206,"date":"2020-03-03T14:56:58","date_gmt":"2020-03-03T12:56:58","guid":{"rendered":"http:\/\/sana.sy\/es\/?p=133206"},"modified":"2020-03-03T14:56:58","modified_gmt":"2020-03-03T12:56:58","slug":"fearab-america-se-solidariza-con-siria-y-condena-agresiones-turcas","status":"publish","type":"post","link":"https:\/\/archive.sana.sy\/es\/?p=133206","title":{"rendered":"Fearab-Am\u00e9rica se solidariza con Siria y condena agresiones turcas"},"content":{"rendered":"<div dir=\"ltr\">\n<div>\n<p style=\"text-align: justify;\"><strong><span style=\"color: #800000;\">La Habana, SANA<\/span><\/strong><\/p>\n<p style=\"text-align: justify;\">La Federaci\u00f3n de Entidades \u00c1rabes en Am\u00e9rica Latina (Fearab-Am\u00e9rica) afirm\u00f3 que las agresiones turcas y la presencia de fuerzas de ocupaci\u00f3n de EE.UU y Turqu\u00eda en el territorio sirio constituyen una violaci\u00f3n de la carta de las Naciones Unidas y las normas del Derecho Internacional.<\/p>\n<p style=\"text-align: justify;\">Esta postura fue expresada en una declaraci\u00f3n emitida durante una visita del presidente de Fearab-Am\u00e9rica, Alfredo Darwish Guti\u00e9rrez, y el presidente de Fearab-Cuba, Jos\u00e9 El\u00edas Chediak, a la sede diplom\u00e1tica siria en la capital cubana La Habana.<\/p>\n<p style=\"text-align: justify;\">La nota expresa la profunda preocupaci\u00f3n por la escalada de la brutal e ilegal guerra impuesta desde hace nueve a\u00f1os a la Rep\u00fablica \u00c1rabe Siria.<\/p>\n<p style=\"text-align: justify;\">Enfatiz\u00f3 que estas violaciones que dejan m\u00e1rtires y desplazan a miles de civiles exacerbar\u00e1n la situaci\u00f3n y violan las normas del Derecho Internacional.<\/p>\n<p style=\"text-align: justify;\">\u201cLas repetidas agresiones de la ocupaci\u00f3n israel\u00ed contra Siria plantea una amenaza a su estabilidad\u201d, advirti\u00f3.<\/p>\n<p style=\"text-align: justify;\">El documento elogia las victorias logradas por el ej\u00e9rcito \u00e1rabe sirio y sus aliados contra las organizaciones terroristas en la ciudad de Alepo y otras.<\/p>\n<p style=\"text-align: justify;\">A su vez, el embajador sirio en Cuba, Idris Mayya, enfatiz\u00f3 que Siria proseguir\u00e1 la lucha contra las organizaciones terroristas hasta la liberaci\u00f3n de todo el\u00a0\u00a0territorio nacional.<\/p>\n<p style=\"text-align: justify;\">Destac\u00f3 la importancia del papel y la solidaridad de Fearab\u00a0\u00a0con Siria en su guerra contra el terrorismo.<\/p>\n<p style=\"text-align: justify;\"><strong><span style=\"color: #0000ff;\">W.S\/F.M<\/span><\/strong><\/p>\n<\/div>\n<p><span style=\"color: #888888;\"><br \/>\n<\/span><\/div>\n<div style=\"text-align: justify;\"><\/div>\n<p style=\"text-align: justify;\">\n","protected":false},"excerpt":{"rendered":"<p>La Habana, SANA La Federaci\u00f3n de Entidades \u00c1rabes en Am\u00e9rica Latina (Fearab-Am\u00e9rica) afirm\u00f3 que las agresiones turcas y la presencia de fuerzas de ocupaci\u00f3n de EE.UU y Turqu\u00eda en el territorio sirio constituyen una violaci\u00f3n de la carta de las Naciones Unidas y las normas del Derecho Internacional. Esta postura fue expresada en una declaraci\u00f3n &hellip;<\/p>\n","protected":false},"author":35,"featured_media":133207,"comment_status":"closed","ping_status":"closed","sticky":false,"template":"","format":"standard","meta":{"footnotes":""},"categories":[597,467,7541],"tags":[],"class_list":["post-133206","post","type-post","status-publish","format-standard","has-post-thumbnail","","category-cinta-de-noticias","category-siria-y-el-mundo","category-ultimas-noticias"],"_links":{"self":[{"href":"https:\/\/archive.sana.sy\/es\/index.php?rest_route=\/wp\/v2\/posts\/133206"}],"collection":[{"href":"https:\/\/archive.sana.sy\/es\/index.php?rest_route=\/wp\/v2\/posts"}],"about":[{"href":"https:\/\/archive.sana.sy\/es\/index.php?rest_route=\/wp\/v2\/types\/post"}],"author":[{"embeddable":true,"href":"https:\/\/archive.sana.sy\/es\/index.php?rest_route=\/wp\/v2\/users\/35"}],"replies":[{"embeddable":true,"href":"https:\/\/archive.sana.sy\/es\/index.php?rest_route=%2Fwp%2Fv2%2Fcomments&post=133206"}],"version-history":[{"count":0,"href":"https:\/\/archive.sana.sy\/es\/index.php?rest_route=\/wp\/v2\/posts\/133206\/revisions"}],"wp:featuredmedia":[{"embeddable":true,"href":"https:\/\/archive.sana.sy\/es\/index.php?rest_route=\/wp\/v2\/media\/133207"}],"wp:attachment":[{"href":"https:\/\/archive.sana.sy\/es\/index.php?rest_route=%2Fwp%2Fv2%2Fmedia&parent=133206"}],"wp:term":[{"taxonomy":"category","embeddable":true,"href":"https:\/\/archive.sana.sy\/es\/index.php?rest_route=%2Fwp%2Fv2%2Fcategories&post=133206"},{"taxonomy":"post_tag","embeddable":true,"href":"https:\/\/archive.sana.sy\/es\/index.php?rest_route=%2Fwp%2Fv2%2Ftags&post=133206"}],"curies":[{"name":"wp","href":"https:\/\/api.w.org\/{rel}","templated":true}]}}