{"id":133209,"date":"2020-03-03T15:10:10","date_gmt":"2020-03-03T13:10:10","guid":{"rendered":"http:\/\/sana.sy\/es\/?p=133209"},"modified":"2023-01-10T14:33:59","modified_gmt":"2023-01-10T12:33:59","slug":"elecciones-parlamentarias-sirias-se-celebraran-el-proximo-dia-13-de-abril","status":"publish","type":"post","link":"https:\/\/archive.sana.sy\/es\/?p=133209","title":{"rendered":"Elecciones parlamentarias sirias se celebrar\u00e1n el pr\u00f3ximo d\u00eda 13 de abril"},"content":{"rendered":"<p style=\"text-align: justify;\"><span style=\"color: #800000;\"><strong>Damasco, SANA<\/strong><\/span><\/p>\n<p style=\"text-align: justify;\">El presidente Bashar al-Assad, emiti\u00f3 el decreto No. 76 del 2020 que fija el 13 de abril pr\u00f3ximo como fecha para las elecciones de la Asamblea del Pueblo (parlamento), para tercera legislatura.<\/p>\n<p style=\"text-align: justify;\">Unos 250 diputados ser\u00e1n elegidos, de los cuales 127 representar\u00e1n a los trabajadores y campesinos.<\/p>\n<p style=\"text-align: justify;\"><span style=\"color: #800000;\"><strong>F.M<\/strong><\/span><\/p>\n","protected":false},"excerpt":{"rendered":"<p>Damasco, SANA El presidente Bashar al-Assad, emiti\u00f3 el decreto No. 76 del 2020 que fija el 13 de abril pr\u00f3ximo como fecha para las elecciones de la Asamblea del Pueblo (parlamento), para tercera legislatura. Unos 250 diputados ser\u00e1n elegidos, de los cuales 127 representar\u00e1n a los trabajadores y campesinos. F.M<\/p>\n","protected":false},"author":32,"featured_media":132961,"comment_status":"closed","ping_status":"closed","sticky":false,"template":"","format":"standard","meta":{"footnotes":""},"categories":[447,477,597,617,476,583],"tags":[],"class_list":["post-133209","post","type-post","status-publish","format-standard","has-post-thumbnail","","category-local-politica","category-noticias-edulcorantes","category-cinta-de-noticias","category-decretos-y-leyes","category-locales","category-slide"],"_links":{"self":[{"href":"https:\/\/archive.sana.sy\/es\/index.php?rest_route=\/wp\/v2\/posts\/133209"}],"collection":[{"href":"https:\/\/archive.sana.sy\/es\/index.php?rest_route=\/wp\/v2\/posts"}],"about":[{"href":"https:\/\/archive.sana.sy\/es\/index.php?rest_route=\/wp\/v2\/types\/post"}],"author":[{"embeddable":true,"href":"https:\/\/archive.sana.sy\/es\/index.php?rest_route=\/wp\/v2\/users\/32"}],"replies":[{"embeddable":true,"href":"https:\/\/archive.sana.sy\/es\/index.php?rest_route=%2Fwp%2Fv2%2Fcomments&post=133209"}],"version-history":[{"count":0,"href":"https:\/\/archive.sana.sy\/es\/index.php?rest_route=\/wp\/v2\/posts\/133209\/revisions"}],"wp:featuredmedia":[{"embeddable":true,"href":"https:\/\/archive.sana.sy\/es\/index.php?rest_route=\/wp\/v2\/media\/132961"}],"wp:attachment":[{"href":"https:\/\/archive.sana.sy\/es\/index.php?rest_route=%2Fwp%2Fv2%2Fmedia&parent=133209"}],"wp:term":[{"taxonomy":"category","embeddable":true,"href":"https:\/\/archive.sana.sy\/es\/index.php?rest_route=%2Fwp%2Fv2%2Fcategories&post=133209"},{"taxonomy":"post_tag","embeddable":true,"href":"https:\/\/archive.sana.sy\/es\/index.php?rest_route=%2Fwp%2Fv2%2Ftags&post=133209"}],"curies":[{"name":"wp","href":"https:\/\/api.w.org\/{rel}","templated":true}]}}