{"id":133211,"date":"2020-03-03T15:45:32","date_gmt":"2020-03-03T13:45:32","guid":{"rendered":"http:\/\/sana.sy\/es\/?p=133211"},"modified":"2023-01-10T14:33:59","modified_gmt":"2023-01-10T12:33:59","slug":"libia-reabre-su-embajada-en-siria-y-ambos-paises-restablecen-relaciones-diplomaticas","status":"publish","type":"post","link":"https:\/\/archive.sana.sy\/es\/?p=133211","title":{"rendered":"Libia reabre su embajada en Siria y ambos pa\u00edses restablecen relaciones diplom\u00e1ticas"},"content":{"rendered":"<p style=\"text-align: justify\"><span style=\"color: #800000\"><strong>Damasco, SANA<\/strong><\/span><\/p>\n<p style=\"text-align: justify\">La embajada de Libia en Damasco fue reabierta hoy anunciando as\u00ed la reactivaci\u00f3n de las representaciones diplom\u00e1ticas entre los dos pa\u00edses hermanos.<\/p>\n<p style=\"text-align: justify\">El viceministro de Exteriores y Emigrantes, Faisal al-Mekdad, afirm\u00f3 en unas palabras durante la reapertura que Siria hab\u00eda tomado la decisi\u00f3n de restablecer las relaciones con los hermanos en Libia porque la batalla en ambos pa\u00edses es la misma para enfrentar el terrorismo y sus patrocinadores.<\/p>\n<p style=\"text-align: justify\">&#8220;Siria est\u00e1 abierta a la cooperaci\u00f3n y no hay una acci\u00f3n \u00e1rabe conjunta sin ella&#8221;, expres\u00f3 el diplom\u00e1tico sirio.<\/p>\n<p style=\"text-align: justify\">El vicecanciller reafirm\u00f3 que Siria continuar\u00e1 la lucha contra el terrorismo a pesar de la escalada de ataques del r\u00e9gimen turco y su cabecilla que est\u00e1 desconectado de la realidad.<\/p>\n<p style=\"text-align: justify\">\u201cErdogan est\u00e1 tratando de establecer un nuevo tipo de relaciones internacionales basadas en la agresi\u00f3n, la mentira, la difamaci\u00f3n y el ejercicio de todo tipo de charlatanes\u201d, acot\u00f3.<\/p>\n<p style=\"text-align: justify\">El Vicecanciller siri se\u00f1al\u00f3 que en el pasado, Libia cont\u00f3 en mucho de sus relaciones econ\u00f3micas con Turqu\u00eda, que es actualmente un enemigo com\u00fan.<\/p>\n<p style=\"text-align: justify\">\u201cEstamos convencidos de que el liderazgo libio quiere acabar con sus lazos con el r\u00e9gimen turco para comenzar relaciones verdaderas con Siria y abrirse a la econom\u00eda siria en los d\u00edas venideros\u201d, subray\u00f3 al-Mekdad.<\/p>\n<p style=\"text-align: justify\">Con respecto a la postura siria ante la Liga \u00c1rabe, mediante la cual Damasco rechaz\u00f3 la imposici\u00f3n de un embargo a\u00e9reo a Libia, al-Mekdad asever\u00f3 que Siria se opone a cualquier agresi\u00f3n o cerco contra cualquier pa\u00eds \u00e1rabe.<\/p>\n<p style=\"text-align: justify\">Reiter\u00f3 que el pueblo libio es capaz de resolver sus problemas por s\u00ed mismo sin ninguna injerencia extranjera.<\/p>\n<p style=\"text-align: justify\">En declaraciones a la prensa, el Vicecanciller sirio revel\u00f3 que se acord\u00f3 hoy operar a ocho empresas conjuntas sirio-libias, y trabajar para reactivar las cl\u00e1usulas de 46 acuerdos entre los dos pa\u00edses hermanos.<\/p>\n<p style=\"text-align: justify\">A su vez, el Ministro de Relaciones Exteriores de Libia, Abdul Hadi Al-Hawij, dijo que el restablecimiento de las relaciones normales, estrat\u00e9gicas y de asociaci\u00f3n entre los dos pa\u00edses y dos pueblos favorece a los inter\u00e9s de ambos pa\u00edses.<\/p>\n<p style=\"text-align: justify\">Confirm\u00f3 que la representaci\u00f3n diplom\u00e1tica libia en Siria estar\u00e1 al m\u00e1s alto nivel, ya que se designar\u00e1 un embajador en un futuro pr\u00f3ximo.<\/p>\n<p style=\"text-align: justify\">Hizo una panor\u00e1mica sobre las batallas antiterroristas del Ej\u00e9rcito libio bajo el liderazgo del mariscal Jalifa Haftar en varias regiones libias, y denunci\u00f3 las pr\u00e1cticas del gobierno de Saraj , tachando este \u00faltimo de &#8220;ileg\u00edtimo, inconstitucional, y no acreditado&#8221;.<\/p>\n<p style=\"text-align: justify\">\u201cEste gobierno confisc\u00f3 la decisi\u00f3n pol\u00edtica y firm\u00f3 acuerdos de humillaci\u00f3n, colonizaci\u00f3n y subordinaci\u00f3n con el r\u00e9gimen, los cuales fueron rechazados completamente por el parlamento electo\u201d, se\u00f1al\u00f3.<\/p>\n<p style=\"text-align: justify\">Marc\u00f3 que la mayor\u00eda de los bienes y productos en Libia fueron importados de Turqu\u00eda, pero el gobierno leg\u00edtimo quiere dirigirse hacia los productos y compa\u00f1\u00edas de Siria, alabando la eficiencia de la fuerza laboral siria.<\/p>\n<p style=\"text-align: justify\">El domingo \u00faltimo, se firm\u00f3 un memorando de entendimiento entre el Ministerio de Exteriores y Expatriados de Siria y el Ministerio de Exteriores y Cooperaci\u00f3n Internacional de Libia para la reapertura de las misiones diplom\u00e1ticas y consulares.<\/p>\n<p style=\"text-align: justify\">La nota estipula tambi\u00e9n la coordinaci\u00f3n de las posturas de los dos pa\u00edses en los foros internacionales y regionales, en particular en el enfrentamiento a la injerencia y agresi\u00f3n turcas en los dos pa\u00edses y desenmascarar sus pol\u00edticas expansionistas y coloniales, adem\u00e1s de trabajar para mejorar cooperaci\u00f3n en todos los campos.<\/p>\n<p>&nbsp;<\/p>\n<p style=\"text-align: justify\"><strong><span style=\"color: #800000\">F.M\/L.A.<\/span><\/strong><\/p>\n","protected":false},"excerpt":{"rendered":"<p>Damasco, SANA La embajada de Libia en Damasco fue reabierta hoy anunciando as\u00ed la reactivaci\u00f3n de las representaciones diplom\u00e1ticas entre los dos pa\u00edses hermanos. El viceministro de Exteriores y Emigrantes, Faisal al-Mekdad, afirm\u00f3 en unas palabras durante la reapertura que Siria hab\u00eda tomado la decisi\u00f3n de restablecer las relaciones con los hermanos en Libia porque &hellip;<\/p>\n","protected":false},"author":34,"featured_media":133275,"comment_status":"closed","ping_status":"closed","sticky":false,"template":"","format":"standard","meta":{"footnotes":""},"categories":[447,597,467,7541],"tags":[],"class_list":["post-133211","post","type-post","status-publish","format-standard","has-post-thumbnail","","category-local-politica","category-cinta-de-noticias","category-siria-y-el-mundo","category-ultimas-noticias"],"_links":{"self":[{"href":"https:\/\/archive.sana.sy\/es\/index.php?rest_route=\/wp\/v2\/posts\/133211"}],"collection":[{"href":"https:\/\/archive.sana.sy\/es\/index.php?rest_route=\/wp\/v2\/posts"}],"about":[{"href":"https:\/\/archive.sana.sy\/es\/index.php?rest_route=\/wp\/v2\/types\/post"}],"author":[{"embeddable":true,"href":"https:\/\/archive.sana.sy\/es\/index.php?rest_route=\/wp\/v2\/users\/34"}],"replies":[{"embeddable":true,"href":"https:\/\/archive.sana.sy\/es\/index.php?rest_route=%2Fwp%2Fv2%2Fcomments&post=133211"}],"version-history":[{"count":0,"href":"https:\/\/archive.sana.sy\/es\/index.php?rest_route=\/wp\/v2\/posts\/133211\/revisions"}],"wp:featuredmedia":[{"embeddable":true,"href":"https:\/\/archive.sana.sy\/es\/index.php?rest_route=\/wp\/v2\/media\/133275"}],"wp:attachment":[{"href":"https:\/\/archive.sana.sy\/es\/index.php?rest_route=%2Fwp%2Fv2%2Fmedia&parent=133211"}],"wp:term":[{"taxonomy":"category","embeddable":true,"href":"https:\/\/archive.sana.sy\/es\/index.php?rest_route=%2Fwp%2Fv2%2Fcategories&post=133211"},{"taxonomy":"post_tag","embeddable":true,"href":"https:\/\/archive.sana.sy\/es\/index.php?rest_route=%2Fwp%2Fv2%2Ftags&post=133211"}],"curies":[{"name":"wp","href":"https:\/\/api.w.org\/{rel}","templated":true}]}}