{"id":133235,"date":"2020-03-03T18:26:24","date_gmt":"2020-03-03T16:26:24","guid":{"rendered":"http:\/\/sana.sy\/es\/?p=133235"},"modified":"2023-01-10T14:33:59","modified_gmt":"2023-01-10T12:33:59","slug":"ejercito-sirio-derriba-un-dron-del-regimen-turco-en-provincia-siria-de-idleb","status":"publish","type":"post","link":"https:\/\/archive.sana.sy\/es\/?p=133235","title":{"rendered":"Ej\u00e9rcito sirio derriba dos drones del r\u00e9gimen turco en provincia siria de Idleb"},"content":{"rendered":"<p style=\"text-align: justify\"><strong><span style=\"color: #800000\">Idleb, SANA<\/span><\/strong><\/p>\n<p style=\"text-align: justify\">Las unidades del ej\u00e9rcito \u00e1rabe sirio que operan en la provincia norte\u00f1a de Idleb derribaron hoy dos avanzados drones del r\u00e9gimen turco.<\/p>\n<p style=\"text-align: justify\">El primer aparato fue alcanzado por los militares en el municipio de Saraqueb donde los militares sirios contin\u00faan sus operativos contra las organizaciones terroristas.<\/p>\n<p>El segundo dron de las fuerzas del r\u00e9gimen turco fue derribado al este de la localidad de Khan al-Subul en Idleb.<\/p>\n<p style=\"text-align: justify\">Se trata\u00a0 del quinto dron de asalta y reconocimiento que derriba el ej\u00e9rcito sirio en menos de 72 horas.<\/p>\n<p style=\"text-align: justify\"><span style=\"color: #800000\"><strong>W.S\/F.M<\/strong><\/span><\/p>\n","protected":false},"excerpt":{"rendered":"<p>Idleb, SANA Las unidades del ej\u00e9rcito \u00e1rabe sirio que operan en la provincia norte\u00f1a de Idleb derribaron hoy dos avanzados drones del r\u00e9gimen turco. El primer aparato fue alcanzado por los militares en el municipio de Saraqueb donde los militares sirios contin\u00faan sus operativos contra las organizaciones terroristas. El segundo dron de las fuerzas del &hellip;<\/p>\n","protected":false},"author":34,"featured_media":133236,"comment_status":"closed","ping_status":"closed","sticky":false,"template":"","format":"standard","meta":{"footnotes":""},"categories":[477,447,597,573,476,7541],"tags":[],"class_list":["post-133235","post","type-post","status-publish","format-standard","has-post-thumbnail","","category-noticias-edulcorantes","category-local-politica","category-cinta-de-noticias","category-la-realidad-de-los-acontecimientos-en-siria","category-locales","category-ultimas-noticias"],"_links":{"self":[{"href":"https:\/\/archive.sana.sy\/es\/index.php?rest_route=\/wp\/v2\/posts\/133235"}],"collection":[{"href":"https:\/\/archive.sana.sy\/es\/index.php?rest_route=\/wp\/v2\/posts"}],"about":[{"href":"https:\/\/archive.sana.sy\/es\/index.php?rest_route=\/wp\/v2\/types\/post"}],"author":[{"embeddable":true,"href":"https:\/\/archive.sana.sy\/es\/index.php?rest_route=\/wp\/v2\/users\/34"}],"replies":[{"embeddable":true,"href":"https:\/\/archive.sana.sy\/es\/index.php?rest_route=%2Fwp%2Fv2%2Fcomments&post=133235"}],"version-history":[{"count":0,"href":"https:\/\/archive.sana.sy\/es\/index.php?rest_route=\/wp\/v2\/posts\/133235\/revisions"}],"wp:featuredmedia":[{"embeddable":true,"href":"https:\/\/archive.sana.sy\/es\/index.php?rest_route=\/wp\/v2\/media\/133236"}],"wp:attachment":[{"href":"https:\/\/archive.sana.sy\/es\/index.php?rest_route=%2Fwp%2Fv2%2Fmedia&parent=133235"}],"wp:term":[{"taxonomy":"category","embeddable":true,"href":"https:\/\/archive.sana.sy\/es\/index.php?rest_route=%2Fwp%2Fv2%2Fcategories&post=133235"},{"taxonomy":"post_tag","embeddable":true,"href":"https:\/\/archive.sana.sy\/es\/index.php?rest_route=%2Fwp%2Fv2%2Ftags&post=133235"}],"curies":[{"name":"wp","href":"https:\/\/api.w.org\/{rel}","templated":true}]}}