{"id":133245,"date":"2020-03-03T15:00:20","date_gmt":"2020-03-03T13:00:20","guid":{"rendered":"http:\/\/sana.sy\/es\/?p=133245"},"modified":"2023-01-12T14:44:44","modified_gmt":"2023-01-12T12:44:44","slug":"rusia-mantendra-su-apoyo-a-siria-hasta-la-erradicacion-definitiva-del-terrorismo-afirma-lavrov","status":"publish","type":"post","link":"https:\/\/archive.sana.sy\/es\/?p=133245","title":{"rendered":"Rusia mantendr\u00e1 su apoyo a Siria hasta la erradicaci\u00f3n definitiva del terrorismo, afirma Lavrov"},"content":{"rendered":"<p style=\"text-align: justify\"><strong><span style=\"color: #800000\">Helsinki, SANA<\/span><\/strong><\/p>\n<p style=\"text-align: justify\">El ministro de Exteriores de Rusia, Sergei Lavrov, reiter\u00f3 el apoyo de su pa\u00eds a Siria en su guerra contra el terrorismo hasta su eliminaci\u00f3n final.<\/p>\n<p style=\"text-align: justify\">En una rueda de prensa con su hom\u00f3logo finland\u00e9s en Helsinki, Lavrov destac\u00f3 la necesidad de eliminar las organizaciones terroristas en Idleb.<\/p>\n<p style=\"text-align: justify\">&#8220;El problema de los refugiados no puede ser explotado a expensas de continuar combatiendo el terrorismo en Siria y la soluci\u00f3n de este problema ser\u00e1 a trav\u00e9s de la implementaci\u00f3n de los Acuerdos de Sochi sobre Idleb&#8221;, dijo el jefe de la diplomacia rusa.<\/p>\n<p style=\"text-align: justify\">Indic\u00f3 que Rusia particip\u00f3 en la guerra contra el terrorismo en Siria a pedido del gobierno sirio, y aclar\u00f3 que algunos pa\u00edses occidentales apoyan a los terroristas y los usan como una herramienta para lograr agendas geopol\u00edticas.<\/p>\n<p style=\"text-align: justify\">Rusia participa en la guerra contra el terrorismo desde el 30 de septiembre de 2015 a pedido del gobierno sirio.<\/p>\n<p style=\"text-align: justify\"><span style=\"color: #800000\"><strong>F.M<\/strong><\/span><\/p>\n","protected":false},"excerpt":{"rendered":"<p>Helsinki, SANA El ministro de Exteriores de Rusia, Sergei Lavrov, reiter\u00f3 el apoyo de su pa\u00eds a Siria en su guerra contra el terrorismo hasta su eliminaci\u00f3n final. En una rueda de prensa con su hom\u00f3logo finland\u00e9s en Helsinki, Lavrov destac\u00f3 la necesidad de eliminar las organizaciones terroristas en Idleb. &#8220;El problema de los refugiados &hellip;<\/p>\n","protected":false},"author":34,"featured_media":133246,"comment_status":"closed","ping_status":"closed","sticky":false,"template":"","format":"standard","meta":{"footnotes":""},"categories":[447,597,456,7541],"tags":[],"class_list":["post-133245","post","type-post","status-publish","format-standard","has-post-thumbnail","","category-local-politica","category-cinta-de-noticias","category-arabe-internacional-politica","category-ultimas-noticias"],"_links":{"self":[{"href":"https:\/\/archive.sana.sy\/es\/index.php?rest_route=\/wp\/v2\/posts\/133245"}],"collection":[{"href":"https:\/\/archive.sana.sy\/es\/index.php?rest_route=\/wp\/v2\/posts"}],"about":[{"href":"https:\/\/archive.sana.sy\/es\/index.php?rest_route=\/wp\/v2\/types\/post"}],"author":[{"embeddable":true,"href":"https:\/\/archive.sana.sy\/es\/index.php?rest_route=\/wp\/v2\/users\/34"}],"replies":[{"embeddable":true,"href":"https:\/\/archive.sana.sy\/es\/index.php?rest_route=%2Fwp%2Fv2%2Fcomments&post=133245"}],"version-history":[{"count":0,"href":"https:\/\/archive.sana.sy\/es\/index.php?rest_route=\/wp\/v2\/posts\/133245\/revisions"}],"wp:featuredmedia":[{"embeddable":true,"href":"https:\/\/archive.sana.sy\/es\/index.php?rest_route=\/wp\/v2\/media\/133246"}],"wp:attachment":[{"href":"https:\/\/archive.sana.sy\/es\/index.php?rest_route=%2Fwp%2Fv2%2Fmedia&parent=133245"}],"wp:term":[{"taxonomy":"category","embeddable":true,"href":"https:\/\/archive.sana.sy\/es\/index.php?rest_route=%2Fwp%2Fv2%2Fcategories&post=133245"},{"taxonomy":"post_tag","embeddable":true,"href":"https:\/\/archive.sana.sy\/es\/index.php?rest_route=%2Fwp%2Fv2%2Ftags&post=133245"}],"curies":[{"name":"wp","href":"https:\/\/api.w.org\/{rel}","templated":true}]}}