{"id":133256,"date":"2020-03-03T18:50:10","date_gmt":"2020-03-03T16:50:10","guid":{"rendered":"http:\/\/sana.sy\/es\/?p=133256"},"modified":"2023-01-12T14:44:43","modified_gmt":"2023-01-12T12:44:43","slug":"kilicdaroglu-a-erdogan-no-le-importa-la-cifra-de-los-soldados-turcos-que-caen-muertos-en-siria","status":"publish","type":"post","link":"https:\/\/archive.sana.sy\/es\/?p=133256","title":{"rendered":"K\u0131l\u0131\u00e7daroglu: a Erdogan no le importa la cifra de los soldados turcos que caen muertos en Siria"},"content":{"rendered":"<p style=\"text-align: justify\"><strong><span style=\"color: #800000\">Ankara, SANA<\/span><\/strong><\/p>\n<p style=\"text-align: justify\">El presidente del Partido Popular Republicano de Turqu\u00eda, Kemal K\u0131l\u0131\u00e7daroglu, reiter\u00f3 su repudio a las pol\u00edticas fracasadas de la cabeza del r\u00e9gimen turco, Recep Tayyip Erdogan, y su constante intervenci\u00f3n en los asuntos sirios.<\/p>\n<p style=\"text-align: justify\">Durante una reuni\u00f3n del bloque parlamentario de su partido, el alto pol\u00edtico turco subray\u00f3 que &#8220;Idleb es un territorio sirio y Erdogan es una herramienta en las manos de las potencias imperialistas, por lo cual no puede servir a su pa\u00eds mientras siga mintiendo al pueblo turco&#8221;.<\/p>\n<p style=\"text-align: justify\">Se\u00f1al\u00f3 que a Erdogan no le importa la cifra de los soldados turcos que caen muertos en Siria siempre y cuando sirvan a sus propios intereses y codicias.<\/p>\n<p style=\"text-align: justify\">Denunci\u00f3 que Erdogan, en colaboraci\u00f3n con Washington, form\u00f3 el llamado \u201cEj\u00e9rcito Libre\u201d o \u201cal-Yaish al-Hur\u201d, cuyos integrantes no son m\u00e1s que mercenarios que combaten en contra de su patria, y record\u00f3 que la guerra contra Siria tiene un impacto negativo en Turqu\u00eda.<\/p>\n<p style=\"text-align: justify\">&#8220;En los \u00faltimos a\u00f1os, Erdogan ha demostrado que no sabe nada de la pol\u00edtica exterior y no est\u00e1 al tanto de los acontecimientos en Siria, el mundo \u00e1rabe o en Oriente Medio&#8221;, concluy\u00f3.<\/p>\n<p style=\"text-align: justify\"><span style=\"color: #800000\"><strong>L.A<\/strong><\/span><\/p>\n","protected":false},"excerpt":{"rendered":"<p>Ankara, SANA El presidente del Partido Popular Republicano de Turqu\u00eda, Kemal K\u0131l\u0131\u00e7daroglu, reiter\u00f3 su repudio a las pol\u00edticas fracasadas de la cabeza del r\u00e9gimen turco, Recep Tayyip Erdogan, y su constante intervenci\u00f3n en los asuntos sirios. Durante una reuni\u00f3n del bloque parlamentario de su partido, el alto pol\u00edtico turco subray\u00f3 que &#8220;Idleb es un territorio &hellip;<\/p>\n","protected":false},"author":24,"featured_media":133257,"comment_status":"closed","ping_status":"closed","sticky":false,"template":"","format":"standard","meta":{"footnotes":""},"categories":[597,456],"tags":[],"class_list":["post-133256","post","type-post","status-publish","format-standard","has-post-thumbnail","","category-cinta-de-noticias","category-arabe-internacional-politica"],"_links":{"self":[{"href":"https:\/\/archive.sana.sy\/es\/index.php?rest_route=\/wp\/v2\/posts\/133256"}],"collection":[{"href":"https:\/\/archive.sana.sy\/es\/index.php?rest_route=\/wp\/v2\/posts"}],"about":[{"href":"https:\/\/archive.sana.sy\/es\/index.php?rest_route=\/wp\/v2\/types\/post"}],"author":[{"embeddable":true,"href":"https:\/\/archive.sana.sy\/es\/index.php?rest_route=\/wp\/v2\/users\/24"}],"replies":[{"embeddable":true,"href":"https:\/\/archive.sana.sy\/es\/index.php?rest_route=%2Fwp%2Fv2%2Fcomments&post=133256"}],"version-history":[{"count":0,"href":"https:\/\/archive.sana.sy\/es\/index.php?rest_route=\/wp\/v2\/posts\/133256\/revisions"}],"wp:featuredmedia":[{"embeddable":true,"href":"https:\/\/archive.sana.sy\/es\/index.php?rest_route=\/wp\/v2\/media\/133257"}],"wp:attachment":[{"href":"https:\/\/archive.sana.sy\/es\/index.php?rest_route=%2Fwp%2Fv2%2Fmedia&parent=133256"}],"wp:term":[{"taxonomy":"category","embeddable":true,"href":"https:\/\/archive.sana.sy\/es\/index.php?rest_route=%2Fwp%2Fv2%2Fcategories&post=133256"},{"taxonomy":"post_tag","embeddable":true,"href":"https:\/\/archive.sana.sy\/es\/index.php?rest_route=%2Fwp%2Fv2%2Ftags&post=133256"}],"curies":[{"name":"wp","href":"https:\/\/api.w.org\/{rel}","templated":true}]}}