{"id":133298,"date":"2020-03-04T10:19:18","date_gmt":"2020-03-04T08:19:18","guid":{"rendered":"http:\/\/sana.sy\/es\/?p=133298"},"modified":"2020-03-04T10:19:18","modified_gmt":"2020-03-04T08:19:18","slug":"defensa-ruso-el-regimen-turco-viola-el-acuerdo-de-sochi-sobre-idleb-y-sigue-apoyando-y-armando-a-los-terroristas","status":"publish","type":"post","link":"https:\/\/archive.sana.sy\/es\/?p=133298","title":{"rendered":"Defensa ruso: el r\u00e9gimen turco viola el Acuerdo de Sochi sobre Idleb y sigue apoyando y armando a los terroristas"},"content":{"rendered":"<p style=\"text-align: justify;\"><strong><span style=\"color: #800000;\">Mosc\u00fa, SANA<\/span><\/strong><\/p>\n<p style=\"text-align: justify;\">El Ministerio de Defensa ruso confirm\u00f3 hoy que el r\u00e9gimen turco viola el Acuerdo de Sochi alcanzado con la parte rusa, y sigue apoyando y armando a las organizaciones terroristas en la provincia de Idleb.<\/p>\n<p style=\"text-align: justify;\">&#8220;Los pa\u00edses occidentales y las Naciones Unidas no se han preocupado en absoluto por las graves violaciones del Memorando de Sochi sobre Idleb cometidas por Turqu\u00eda y los grupos terroristas&#8221;, declar\u00f3 el portavoz del Ministerio de Defensa ruso, \u00cdgor Konash\u00e9nkov, citado por la agencia Sputnik.<\/p>\n<p style=\"text-align: justify;\">Denunci\u00f3 que los terroristas aumentaron sus bombardeos contra las \u00e1reas vecinas y la base rusa de Hemeimem, y que Turqu\u00eda fortaleci\u00f3 la presencia de las organizaciones terroristas &#8220;Junta para Liberaci\u00f3n del Levante&#8221;, el &#8220;Partido del Turquest\u00e1n&#8221; y &#8220;Huras al-Din&#8221; (Guardianes de la Religi\u00f3n en \u00e1rabe). Indic\u00f3 adem\u00e1s, que las posiciones de esas organizaciones radicales se mezclan con los puntos de observaci\u00f3n turcos.<\/p>\n<p style=\"text-align: justify;\">El vocero ruso se\u00f1al\u00f3 que &#8220;el aullido de Occidente con respecto al deterioro de la situaci\u00f3n humanitaria en Idleb solo comenz\u00f3 despu\u00e9s que el ej\u00e9rcito sirio se vio obligado a lanzar una operaci\u00f3n militar en respuesta a un nuevo ataque de los terroristas a principios de febrero pasado, y fue capaz de implementar lo estipulado en el Acuerdo de Sochi con respecto a la eliminaci\u00f3n de organizaciones terroristas de la regi\u00f3n&#8221;.<\/p>\n<p style=\"text-align: justify;\">&#8220;Las operaciones del ej\u00e9rcito sirio permitieron el tr\u00e1fico de m\u00e1s de 100 mil civiles por la autopista M-5 entre grandes ciudades sirias y la protecci\u00f3n de las \u00e1reas residenciales circundantes a los ataques.<\/p>\n<p style=\"text-align: justify;\">Acot\u00f3 que &#8220;desde ese momento, las capitales occidentales y los representantes de las Naciones Unidas comenzaron a acusar al gobierno sirio de presuntos cr\u00edmenes de guerra, cat\u00e1strofes humanitarias y de la afluencia de un gran n\u00famero de refugiados de Idleb, y al mismo tiempo se publicaron fotograf\u00edas de un campamento cerca de la frontera turca que se cre\u00f3 hace varios a\u00f1os como evidencia de lo anterior, y como si todos los terroristas de Idleb se hubieran convertido, seg\u00fan los medios occidentales, en representantes de la oposici\u00f3n moderada.<\/p>\n<p style=\"text-align: justify;\">&#8220;En medio de todo esto, no est\u00e1 claro c\u00f3mo recientemente se ubic\u00f3 y se elimin\u00f3 al l\u00edder del Daesh, Abu Bakr al-Baghdadi, en esta zona&#8221;, se pregunt\u00f3.<\/p>\n<p style=\"text-align: justify;\">El general ruso enfatiz\u00f3 que Occidente trat\u00f3 con indiferencia a las acciones del r\u00e9gimen turco que transfiri\u00f3 a Idleb una fuerza militar del tama\u00f1o de una divisi\u00f3n mecanizada, en violaci\u00f3n del derecho internacional, mientras las amenazas p\u00fablicas de Turqu\u00eda contra el ej\u00e9rcito sirio se describen en Europa y Estados Unidos como &#8220;un derecho leg\u00edtimo a la leg\u00edtima defensa&#8221;<\/p>\n<p style=\"text-align: justify;\">Concluy\u00f3 que a\u00fan est\u00e1n sin respuesta todas las solicitudes oficiales rusas a las Naciones Unidas y los pa\u00edses occidentales sobre la ayuda que cruza la frontera turca y termina en manos de los terroristas y no llega a los afectados.<\/p>\n<p style=\"text-align: justify;\"><strong><span style=\"color: #0000ff;\">F.M\/ E.D<\/span><\/strong><\/p>\n","protected":false},"excerpt":{"rendered":"<p>Mosc\u00fa, SANA El Ministerio de Defensa ruso confirm\u00f3 hoy que el r\u00e9gimen turco viola el Acuerdo de Sochi alcanzado con la parte rusa, y sigue apoyando y armando a las organizaciones terroristas en la provincia de Idleb. &#8220;Los pa\u00edses occidentales y las Naciones Unidas no se han preocupado en absoluto por las graves violaciones del &hellip;<\/p>\n","protected":false},"author":32,"featured_media":133299,"comment_status":"closed","ping_status":"closed","sticky":false,"template":"","format":"standard","meta":{"footnotes":""},"categories":[597,467,7541],"tags":[17635],"class_list":["post-133298","post","type-post","status-publish","format-standard","has-post-thumbnail","","category-cinta-de-noticias","category-siria-y-el-mundo","category-ultimas-noticias","tag-defensa-ruso-el-regimen-turco-viola-el-acuerdo-de-sochi-sobre-idleb-y-sigue-apoyando-y-armando-a-los-terroristas"],"_links":{"self":[{"href":"https:\/\/archive.sana.sy\/es\/index.php?rest_route=\/wp\/v2\/posts\/133298"}],"collection":[{"href":"https:\/\/archive.sana.sy\/es\/index.php?rest_route=\/wp\/v2\/posts"}],"about":[{"href":"https:\/\/archive.sana.sy\/es\/index.php?rest_route=\/wp\/v2\/types\/post"}],"author":[{"embeddable":true,"href":"https:\/\/archive.sana.sy\/es\/index.php?rest_route=\/wp\/v2\/users\/32"}],"replies":[{"embeddable":true,"href":"https:\/\/archive.sana.sy\/es\/index.php?rest_route=%2Fwp%2Fv2%2Fcomments&post=133298"}],"version-history":[{"count":0,"href":"https:\/\/archive.sana.sy\/es\/index.php?rest_route=\/wp\/v2\/posts\/133298\/revisions"}],"wp:featuredmedia":[{"embeddable":true,"href":"https:\/\/archive.sana.sy\/es\/index.php?rest_route=\/wp\/v2\/media\/133299"}],"wp:attachment":[{"href":"https:\/\/archive.sana.sy\/es\/index.php?rest_route=%2Fwp%2Fv2%2Fmedia&parent=133298"}],"wp:term":[{"taxonomy":"category","embeddable":true,"href":"https:\/\/archive.sana.sy\/es\/index.php?rest_route=%2Fwp%2Fv2%2Fcategories&post=133298"},{"taxonomy":"post_tag","embeddable":true,"href":"https:\/\/archive.sana.sy\/es\/index.php?rest_route=%2Fwp%2Fv2%2Ftags&post=133298"}],"curies":[{"name":"wp","href":"https:\/\/api.w.org\/{rel}","templated":true}]}}