{"id":133302,"date":"2020-03-04T10:17:59","date_gmt":"2020-03-04T08:17:59","guid":{"rendered":"http:\/\/sana.sy\/es\/?p=133302"},"modified":"2020-03-04T11:39:15","modified_gmt":"2020-03-04T09:39:15","slug":"gonzalez-ratifica-apoyo-de-cuba-a-siria-en-todos-los-ambitos","status":"publish","type":"post","link":"https:\/\/archive.sana.sy\/es\/?p=133302","title":{"rendered":"Gonz\u00e1lez ratifica apoyo de Cuba a Siria en todos los \u00e1mbitos"},"content":{"rendered":"<p style=\"text-align: justify;\"><span style=\"color: #800000;\"><strong>La Habana, SANA<\/strong><\/span><\/p>\n<p style=\"text-align: justify;\">La viceministra primera de Comercio Exterior e Inversi\u00f3n Extranjera de Cuba, Ana Teresita Gonz\u00e1lez, ratific\u00f3 la postura de su pa\u00eds de apoyo a Siria en todos los \u00e1mbitos.<\/p>\n<p style=\"text-align: justify;\">Durante una reuni\u00f3n con el embajador sirio en Cuba, Idris Mayya, en la sede del Ministerio de Comercio Exterior e Inversi\u00f3n Extranjera en la capital cubana, Gonz\u00e1lez recalc\u00f3 la importancia de mejorar las relaciones econ\u00f3micas entre los dos pa\u00edses y llevarlas a los mejores niveles y reforzarlas por el bien de sus intereses comunes.<\/p>\n<p style=\"text-align: justify;\">Por su parte, el embajador sirio ofreci\u00f3 una explicaci\u00f3n sobre los \u00faltimos acontecimientos pol\u00edticos, econ\u00f3micos y militares en Siria, particularmente las victorias logradas por el ej\u00e9rcito \u00e1rabe sirio contra el terrorismo.<\/p>\n<p style=\"text-align: justify;\">Afirm\u00f3 la determinaci\u00f3n de Siria de eliminar el terrorismo de cada pulgada del territorio sirio.<\/p>\n<p style=\"text-align: justify;\"><strong><span style=\"color: #0000ff;\">F.M\/ E.D<\/span><\/strong><\/p>\n","protected":false},"excerpt":{"rendered":"<p>La Habana, SANA La viceministra primera de Comercio Exterior e Inversi\u00f3n Extranjera de Cuba, Ana Teresita Gonz\u00e1lez, ratific\u00f3 la postura de su pa\u00eds de apoyo a Siria en todos los \u00e1mbitos. Durante una reuni\u00f3n con el embajador sirio en Cuba, Idris Mayya, en la sede del Ministerio de Comercio Exterior e Inversi\u00f3n Extranjera en la &hellip;<\/p>\n","protected":false},"author":32,"featured_media":133303,"comment_status":"closed","ping_status":"closed","sticky":false,"template":"","format":"standard","meta":{"footnotes":""},"categories":[597,467,7541],"tags":[],"class_list":["post-133302","post","type-post","status-publish","format-standard","has-post-thumbnail","","category-cinta-de-noticias","category-siria-y-el-mundo","category-ultimas-noticias"],"_links":{"self":[{"href":"https:\/\/archive.sana.sy\/es\/index.php?rest_route=\/wp\/v2\/posts\/133302"}],"collection":[{"href":"https:\/\/archive.sana.sy\/es\/index.php?rest_route=\/wp\/v2\/posts"}],"about":[{"href":"https:\/\/archive.sana.sy\/es\/index.php?rest_route=\/wp\/v2\/types\/post"}],"author":[{"embeddable":true,"href":"https:\/\/archive.sana.sy\/es\/index.php?rest_route=\/wp\/v2\/users\/32"}],"replies":[{"embeddable":true,"href":"https:\/\/archive.sana.sy\/es\/index.php?rest_route=%2Fwp%2Fv2%2Fcomments&post=133302"}],"version-history":[{"count":0,"href":"https:\/\/archive.sana.sy\/es\/index.php?rest_route=\/wp\/v2\/posts\/133302\/revisions"}],"wp:featuredmedia":[{"embeddable":true,"href":"https:\/\/archive.sana.sy\/es\/index.php?rest_route=\/wp\/v2\/media\/133303"}],"wp:attachment":[{"href":"https:\/\/archive.sana.sy\/es\/index.php?rest_route=%2Fwp%2Fv2%2Fmedia&parent=133302"}],"wp:term":[{"taxonomy":"category","embeddable":true,"href":"https:\/\/archive.sana.sy\/es\/index.php?rest_route=%2Fwp%2Fv2%2Fcategories&post=133302"},{"taxonomy":"post_tag","embeddable":true,"href":"https:\/\/archive.sana.sy\/es\/index.php?rest_route=%2Fwp%2Fv2%2Ftags&post=133302"}],"curies":[{"name":"wp","href":"https:\/\/api.w.org\/{rel}","templated":true}]}}