{"id":133317,"date":"2020-03-04T15:14:58","date_gmt":"2020-03-04T13:14:58","guid":{"rendered":"http:\/\/sana.sy\/es\/?p=133317"},"modified":"2020-03-04T15:17:09","modified_gmt":"2020-03-04T13:17:09","slug":"turquia-reconoce-la-muerte-de-dos-de-sus-soldados-en-idleb","status":"publish","type":"post","link":"https:\/\/archive.sana.sy\/es\/?p=133317","title":{"rendered":"Turqu\u00eda reconoce la muerte de dos de sus soldados en Idleb"},"content":{"rendered":"<p style=\"text-align: justify;\"><span style=\"color: #800000;\">Ankara, SANA<\/span><\/p>\n<p style=\"text-align: justify;\">El Ministerio de Defensa del r\u00e9gimen turco reconoci\u00f3 hoy la muerte de dos de sus soldados y la lesi\u00f3n de otros seis mientras apoyaban a las organizaciones terroristas en la norte\u00f1a provincia de Idleb.<\/p>\n<p style=\"text-align: justify;\">Las organizaciones terroristas en Idleb reciben apoyo directo del r\u00e9gimen turco, sea con armas o con informaciones de reconocimiento.<\/p>\n<p style=\"text-align: justify;\">Las unidades del ej\u00e9rcito \u00e1rabe sirio que operan en Idleb derribaron la v\u00edspera a dos avanzados drones del r\u00e9gimen turco.<\/p>\n<p style=\"text-align: justify;\"><strong><span style=\"color: #0000ff;\">F.M\/ E.D<\/span><\/strong><\/p>\n","protected":false},"excerpt":{"rendered":"<p>Ankara, SANA El Ministerio de Defensa del r\u00e9gimen turco reconoci\u00f3 hoy la muerte de dos de sus soldados y la lesi\u00f3n de otros seis mientras apoyaban a las organizaciones terroristas en la norte\u00f1a provincia de Idleb. Las organizaciones terroristas en Idleb reciben apoyo directo del r\u00e9gimen turco, sea con armas o con informaciones de reconocimiento. &hellip;<\/p>\n","protected":false},"author":32,"featured_media":133318,"comment_status":"closed","ping_status":"closed","sticky":false,"template":"","format":"standard","meta":{"footnotes":""},"categories":[597,456,7541],"tags":[17636],"class_list":["post-133317","post","type-post","status-publish","format-standard","has-post-thumbnail","","category-cinta-de-noticias","category-arabe-internacional-politica","category-ultimas-noticias","tag-turquia-reconoce-la-muerte-de-dos-de-sus-soldados-en-idleb"],"_links":{"self":[{"href":"https:\/\/archive.sana.sy\/es\/index.php?rest_route=\/wp\/v2\/posts\/133317"}],"collection":[{"href":"https:\/\/archive.sana.sy\/es\/index.php?rest_route=\/wp\/v2\/posts"}],"about":[{"href":"https:\/\/archive.sana.sy\/es\/index.php?rest_route=\/wp\/v2\/types\/post"}],"author":[{"embeddable":true,"href":"https:\/\/archive.sana.sy\/es\/index.php?rest_route=\/wp\/v2\/users\/32"}],"replies":[{"embeddable":true,"href":"https:\/\/archive.sana.sy\/es\/index.php?rest_route=%2Fwp%2Fv2%2Fcomments&post=133317"}],"version-history":[{"count":0,"href":"https:\/\/archive.sana.sy\/es\/index.php?rest_route=\/wp\/v2\/posts\/133317\/revisions"}],"wp:featuredmedia":[{"embeddable":true,"href":"https:\/\/archive.sana.sy\/es\/index.php?rest_route=\/wp\/v2\/media\/133318"}],"wp:attachment":[{"href":"https:\/\/archive.sana.sy\/es\/index.php?rest_route=%2Fwp%2Fv2%2Fmedia&parent=133317"}],"wp:term":[{"taxonomy":"category","embeddable":true,"href":"https:\/\/archive.sana.sy\/es\/index.php?rest_route=%2Fwp%2Fv2%2Fcategories&post=133317"},{"taxonomy":"post_tag","embeddable":true,"href":"https:\/\/archive.sana.sy\/es\/index.php?rest_route=%2Fwp%2Fv2%2Ftags&post=133317"}],"curies":[{"name":"wp","href":"https:\/\/api.w.org\/{rel}","templated":true}]}}