{"id":133327,"date":"2020-03-04T14:47:18","date_gmt":"2020-03-04T12:47:18","guid":{"rendered":"http:\/\/sana.sy\/es\/?p=133327"},"modified":"2020-03-04T14:47:18","modified_gmt":"2020-03-04T12:47:18","slug":"el-ministerio-de-exteriores-y-emigrantes-denuncio-la-infiltracion-ilegal-de-varios-funcionarios-estadounidenses-en-los-territorios-sirios-de-la-provincia-idleb-y-lo-tacho-de-una-consagracion-del-hecho","status":"publish","type":"post","link":"https:\/\/archive.sana.sy\/es\/?p=133327","title":{"rendered":"El Ministerio de Exteriores y Emigrantes denunci\u00f3 la infiltraci\u00f3n ilegal de varios funcionarios estadounidenses en los territorios sirios de la provincia Idleb y lo tach\u00f3 de una consagraci\u00f3n del hecho que la administraci\u00f3n estadounidense se cree por encima del Derecho Internacional y de las cartas de las Naciones Unidas que confirman el respeto a la soberan\u00eda de los estados y la no injerencia en sus asuntos."},"content":{"rendered":"","protected":false},"excerpt":{"rendered":"","protected":false},"author":34,"featured_media":0,"comment_status":"closed","ping_status":"closed","sticky":false,"template":"","format":"standard","meta":{"footnotes":""},"categories":[596],"tags":[],"class_list":["post-133327","post","type-post","status-publish","format-standard","","category-urgente"],"_links":{"self":[{"href":"https:\/\/archive.sana.sy\/es\/index.php?rest_route=\/wp\/v2\/posts\/133327"}],"collection":[{"href":"https:\/\/archive.sana.sy\/es\/index.php?rest_route=\/wp\/v2\/posts"}],"about":[{"href":"https:\/\/archive.sana.sy\/es\/index.php?rest_route=\/wp\/v2\/types\/post"}],"author":[{"embeddable":true,"href":"https:\/\/archive.sana.sy\/es\/index.php?rest_route=\/wp\/v2\/users\/34"}],"replies":[{"embeddable":true,"href":"https:\/\/archive.sana.sy\/es\/index.php?rest_route=%2Fwp%2Fv2%2Fcomments&post=133327"}],"version-history":[{"count":0,"href":"https:\/\/archive.sana.sy\/es\/index.php?rest_route=\/wp\/v2\/posts\/133327\/revisions"}],"wp:attachment":[{"href":"https:\/\/archive.sana.sy\/es\/index.php?rest_route=%2Fwp%2Fv2%2Fmedia&parent=133327"}],"wp:term":[{"taxonomy":"category","embeddable":true,"href":"https:\/\/archive.sana.sy\/es\/index.php?rest_route=%2Fwp%2Fv2%2Fcategories&post=133327"},{"taxonomy":"post_tag","embeddable":true,"href":"https:\/\/archive.sana.sy\/es\/index.php?rest_route=%2Fwp%2Fv2%2Ftags&post=133327"}],"curies":[{"name":"wp","href":"https:\/\/api.w.org\/{rel}","templated":true}]}}