{"id":133329,"date":"2020-03-04T14:48:49","date_gmt":"2020-03-04T12:48:49","guid":{"rendered":"http:\/\/sana.sy\/es\/?p=133329"},"modified":"2023-01-10T14:33:58","modified_gmt":"2023-01-10T12:33:58","slug":"siria-condena-infiltracion-ilegal-de-funcionarios-estadounidenses-en-la-provincia-de-idleb-y-lo-tacha-de-comportamiento-de-bandidos","status":"publish","type":"post","link":"https:\/\/archive.sana.sy\/es\/?p=133329","title":{"rendered":"Siria condena infiltraci\u00f3n ilegal de funcionarios estadounidenses a la provincia de Idleb y lo tacha de bandolerismo"},"content":{"rendered":"<p style=\"text-align: justify;\"><span style=\"color: #800000;\"><strong>Damasco, SANA<\/strong><\/span><\/p>\n<p style=\"text-align: justify;\">El Ministerio de Exteriores y Emigrantes denunci\u00f3 la infiltraci\u00f3n ilegal de varios funcionarios estadounidenses a la provincia siria de Idleb y lo tach\u00f3 de una consagraci\u00f3n del hecho que la administraci\u00f3n estadounidense se cree por encima del Derecho Internacional.<\/p>\n<p style=\"text-align: justify;\">\u201cEsta acci\u00f3n estadounidense se realiz\u00f3 en complicidad con el r\u00e9gimen turco, lo cual evidencia el rol subversivo de Washington en apoyar la agresi\u00f3n turca y complicar la situaci\u00f3n en Siria, adem\u00e1s de su empe\u00f1o por encubrir los cr\u00edmenes de los grupos terroristas e impedir que sean completamente derrotados a ra\u00edz de los logros militares del ej\u00e9rcito \u00e1rabe sirio\u201d, afirm\u00f3 Canciller\u00eda en un comunicado.<\/p>\n<p style=\"text-align: justify;\">La nota denunci\u00f3 y conden\u00f3 en los t\u00e9rminos m\u00e1s en\u00e9rgicos lo que tach\u00f3 de comportamiento de bandolerismo de la administraci\u00f3n estadounidense y de el r\u00e9gimen turco.<\/p>\n<p style=\"text-align: justify;\">\u201cNo es sorprendente que los funcionarios estadounidenses se infiltraren de esta manera despu\u00e9s de proporcionar todas las formas de apoyo a los grupos terroristas, incluido su traslado oculto a Siria, en violaci\u00f3n flagrante de todas las resoluciones de la ONU relativas a la lucha contra el terrorismo\u201d, explic\u00f3.<\/p>\n<p style=\"text-align: justify;\"><span style=\"color: #0000ff;\"><em><strong>Noticia en desarrollo..<\/strong><\/em><\/span><\/p>\n<p><span style=\"color: #800000;\"><strong>F.M<\/strong><\/span><\/p>\n","protected":false},"excerpt":{"rendered":"<p>Damasco, SANA El Ministerio de Exteriores y Emigrantes denunci\u00f3 la infiltraci\u00f3n ilegal de varios funcionarios estadounidenses a la provincia siria de Idleb y lo tach\u00f3 de una consagraci\u00f3n del hecho que la administraci\u00f3n estadounidense se cree por encima del Derecho Internacional. \u201cEsta acci\u00f3n estadounidense se realiz\u00f3 en complicidad con el r\u00e9gimen turco, lo cual evidencia &hellip;<\/p>\n","protected":false},"author":34,"featured_media":133093,"comment_status":"closed","ping_status":"closed","sticky":false,"template":"","format":"standard","meta":{"footnotes":""},"categories":[477,447,597,476,583],"tags":[],"class_list":["post-133329","post","type-post","status-publish","format-standard","has-post-thumbnail","","category-noticias-edulcorantes","category-local-politica","category-cinta-de-noticias","category-locales","category-slide"],"_links":{"self":[{"href":"https:\/\/archive.sana.sy\/es\/index.php?rest_route=\/wp\/v2\/posts\/133329"}],"collection":[{"href":"https:\/\/archive.sana.sy\/es\/index.php?rest_route=\/wp\/v2\/posts"}],"about":[{"href":"https:\/\/archive.sana.sy\/es\/index.php?rest_route=\/wp\/v2\/types\/post"}],"author":[{"embeddable":true,"href":"https:\/\/archive.sana.sy\/es\/index.php?rest_route=\/wp\/v2\/users\/34"}],"replies":[{"embeddable":true,"href":"https:\/\/archive.sana.sy\/es\/index.php?rest_route=%2Fwp%2Fv2%2Fcomments&post=133329"}],"version-history":[{"count":0,"href":"https:\/\/archive.sana.sy\/es\/index.php?rest_route=\/wp\/v2\/posts\/133329\/revisions"}],"wp:featuredmedia":[{"embeddable":true,"href":"https:\/\/archive.sana.sy\/es\/index.php?rest_route=\/wp\/v2\/media\/133093"}],"wp:attachment":[{"href":"https:\/\/archive.sana.sy\/es\/index.php?rest_route=%2Fwp%2Fv2%2Fmedia&parent=133329"}],"wp:term":[{"taxonomy":"category","embeddable":true,"href":"https:\/\/archive.sana.sy\/es\/index.php?rest_route=%2Fwp%2Fv2%2Fcategories&post=133329"},{"taxonomy":"post_tag","embeddable":true,"href":"https:\/\/archive.sana.sy\/es\/index.php?rest_route=%2Fwp%2Fv2%2Ftags&post=133329"}],"curies":[{"name":"wp","href":"https:\/\/api.w.org\/{rel}","templated":true}]}}