{"id":133439,"date":"2020-03-05T14:28:21","date_gmt":"2020-03-05T12:28:21","guid":{"rendered":"http:\/\/sana.sy\/es\/?p=133439"},"modified":"2020-03-05T14:47:21","modified_gmt":"2020-03-05T12:47:21","slug":"siria-exige-a-las-potencias-occidentales-renunciar-a-sus-agendas-colonialistas-que-provocan-el-sufrimiento-de-los-sirios","status":"publish","type":"post","link":"https:\/\/archive.sana.sy\/es\/?p=133439","title":{"rendered":"Siria exige a las potencias occidentales renunciar a sus agendas colonialistas que provocan el sufrimiento de los sirios"},"content":{"rendered":"<p style=\"text-align: justify;\"><span style=\"color: #800000;\"><strong>Damasco, SANA<\/strong><\/span><\/p>\n<p style=\"text-align: justify;\">\n<p style=\"text-align: justify;\">Siria afirm\u00f3 que las declaraciones de algunos altos cargos occidentales sobre sobre la situaci\u00f3n humanitaria en la provincia de Idleb reflejan la tama\u00f1a hipocres\u00eda que entra\u00f1an las pol\u00edticas de dichas potencias.<\/p>\n<p style=\"text-align: justify;\">Una fuente oficial en el Ministerio de Exteriores y Expatriados dijo en una declaraci\u00f3n a SANA hoy que las declaraciones de algunos altos funcionarios de pa\u00edses occidentales sobre la situaci\u00f3n humanitaria en la provincia de Idleb a causa de las operaciones militares del ej\u00e9rcito \u00e1rabe sirio refleja la tama\u00f1a hipocres\u00eda de dichos pa\u00edses que politizan lo humanitario en funci\u00f3n de sus intereses sin importarse el deterioro de la situaci\u00f3n de vida de los sirios.<\/p>\n<p style=\"text-align: justify;\">&#8220;La Rep\u00fablica \u00c1rabe Siria desea recordarle a aquellos pa\u00edses que el combate al terrorismo es un derecho leg\u00edtimo dado que la organizaci\u00f3n de &#8220;Tahrir al-Sham&#8221; emplea a la poblaci\u00f3n de Idleb como escudos humanos, prueba esto la obstaculizaci\u00f3n de la salida de los civiles de Idleb a trav\u00e9s de los tres corredores humanitarios establecidos por el gobierno sirio&#8221;, agreg\u00f3.<\/p>\n<p style=\"text-align: justify;\">La fuente precis\u00f3 que los pa\u00edses occidentales \u2013como Alemania y Francia- utilizan la situaci\u00f3n humanitaria como pretexto para detener las operaciones militares, pero al mismo tiempo se subyugan ante la extorsi\u00f3n de Erdog\u00e1n que explota el sufrimiento de los desplazados sirios y amenaza a los pa\u00edses de Europa con enviarles nuevas oleadas de refugiados, y as\u00ed se ponen de parte de Erdog\u00e1n.<\/p>\n<p style=\"text-align: justify;\">\n&#8220;El gobierno sirio afirma nuevamente que no escatimar\u00e1 esfuerzo por dar la ayuda necesaria a los ciudadanos a lo largo de la geograf\u00eda siria, y tambi\u00e9n darles facilidades a quienes retornan al pa\u00eds, por tanto el gobierno sirio continuar\u00e1 con este lineamiento sin importarle el aullido de los responsables occidentales quienes imponen medidas coercitivas unilaterales que atentan directamente contra el sustento de los ciudadanos&#8221;, remarc\u00f3.<\/p>\n<p style=\"text-align: justify;\">La fuente concluy\u00f3 su declaraci\u00f3n diciendo que Siria exige a la comunidad internacional \u2013y a los funcionarios occidentales- que adopten una postura humanitaria sincera y renuncien a sus agendas colonialistas baratas que vienen en detrimento de los sirios. Tambi\u00e9n pide condena a la conducta del r\u00e9gimen turco y obligarle a respetar las normas del derecho internacional y poner fin a sus pol\u00edticas hostiles, para que as\u00ed dicha postura occidental no se convierta en una m\u00e1scara tapadora de la hipocres\u00eda que es ya un matiz inherente a las pol\u00edticas occidentales.<\/p>\n<p style=\"text-align: justify;\"><span style=\"color: #0000ff;\"><strong>R.Sh\/ E.D<\/strong><\/span><\/p>\n","protected":false},"excerpt":{"rendered":"<p>Damasco, SANA Siria afirm\u00f3 que las declaraciones de algunos altos cargos occidentales sobre sobre la situaci\u00f3n humanitaria en la provincia de Idleb reflejan la tama\u00f1a hipocres\u00eda que entra\u00f1an las pol\u00edticas de dichas potencias. Una fuente oficial en el Ministerio de Exteriores y Expatriados dijo en una declaraci\u00f3n a SANA hoy que las declaraciones de algunos &hellip;<\/p>\n","protected":false},"author":32,"featured_media":133440,"comment_status":"closed","ping_status":"closed","sticky":false,"template":"","format":"standard","meta":{"footnotes":""},"categories":[477,597,476,583],"tags":[17640],"class_list":["post-133439","post","type-post","status-publish","format-standard","has-post-thumbnail","","category-noticias-edulcorantes","category-cinta-de-noticias","category-locales","category-slide","tag-siria-exige-a-las-potencias-occidentales-renunciar-a-sus-agendas-colonialistas-que-provocan-el-sufrimiento-de-los-sirios"],"_links":{"self":[{"href":"https:\/\/archive.sana.sy\/es\/index.php?rest_route=\/wp\/v2\/posts\/133439"}],"collection":[{"href":"https:\/\/archive.sana.sy\/es\/index.php?rest_route=\/wp\/v2\/posts"}],"about":[{"href":"https:\/\/archive.sana.sy\/es\/index.php?rest_route=\/wp\/v2\/types\/post"}],"author":[{"embeddable":true,"href":"https:\/\/archive.sana.sy\/es\/index.php?rest_route=\/wp\/v2\/users\/32"}],"replies":[{"embeddable":true,"href":"https:\/\/archive.sana.sy\/es\/index.php?rest_route=%2Fwp%2Fv2%2Fcomments&post=133439"}],"version-history":[{"count":0,"href":"https:\/\/archive.sana.sy\/es\/index.php?rest_route=\/wp\/v2\/posts\/133439\/revisions"}],"wp:featuredmedia":[{"embeddable":true,"href":"https:\/\/archive.sana.sy\/es\/index.php?rest_route=\/wp\/v2\/media\/133440"}],"wp:attachment":[{"href":"https:\/\/archive.sana.sy\/es\/index.php?rest_route=%2Fwp%2Fv2%2Fmedia&parent=133439"}],"wp:term":[{"taxonomy":"category","embeddable":true,"href":"https:\/\/archive.sana.sy\/es\/index.php?rest_route=%2Fwp%2Fv2%2Fcategories&post=133439"},{"taxonomy":"post_tag","embeddable":true,"href":"https:\/\/archive.sana.sy\/es\/index.php?rest_route=%2Fwp%2Fv2%2Ftags&post=133439"}],"curies":[{"name":"wp","href":"https:\/\/api.w.org\/{rel}","templated":true}]}}