{"id":133447,"date":"2020-03-05T14:50:19","date_gmt":"2020-03-05T12:50:19","guid":{"rendered":"http:\/\/sana.sy\/es\/?p=133447"},"modified":"2020-03-05T18:59:32","modified_gmt":"2020-03-05T16:59:32","slug":"embajador-de-cuba-el-golan-es-territorio-sirio-y-las-medidas-del-ocupante-israeli-son-ilegales","status":"publish","type":"post","link":"https:\/\/archive.sana.sy\/es\/?p=133447","title":{"rendered":"Embajador\u00a0de Cuba: el Gol\u00e1n es territorio sirio y las medidas del ocupante israel\u00ed son ilegales"},"content":{"rendered":"<p style=\"text-align: justify;\"><strong><span style=\"color: #800000;\">Quneitra, SANA<\/span><\/strong><\/p>\n<p style=\"text-align: justify;\">El embajador de Cuba en Siria, Miguel Porto Parga, ratific\u00f3 la solidaridad de su pa\u00eds con Siria que enfrenta una guerra terrorista por su apoyo a las fuerzas de liberaci\u00f3n y resistencia en el mundo.<\/p>\n<p style=\"text-align: justify;\">Subray\u00f3 que el Gol\u00e1n ocupado es un territorio \u00e1rabe sirio y tach\u00f3 de ilegales a todas las medidas tomadas por el ocupante israel\u00ed y la declaraci\u00f3n del presidente de Estados Unidos, Donald Trump, sobre el Gol\u00e1n sirio.<\/p>\n<p style=\"text-align: justify;\">Durante su visita al cruce de la ciudad de Quneitra, el embajador cubano trasmiti\u00f3 un mensaje de solidaridad y apoyo a Siria y a su derechos natural de liberar todas sus tierras ocupadas.<\/p>\n<p style=\"text-align: justify;\">Seg\u00fan el diplom\u00e1tico, la ciudad de Quneitra es la primera l\u00ednea de defensa, resistencia y firmeza, y es la puerta para liberar al Gol\u00e1n y su retorno a la soberan\u00eda nacional.<\/p>\n<p style=\"text-align: justify;\">Parga explic\u00f3 que la visita a Quneitra fue realizada en conmemoraci\u00f3n del aniversario del crimen atroz de la explosi\u00f3n del barco la Coubre en Cuba en el a\u00f1o 1961 por agentes de inteligencia estadounidenses, y que caus\u00f3 la ca\u00edda de civiles inocentes.<\/p>\n<p>El vapor La Coubre fue un buque de origen franc\u00e9s que fue objeto de sabotaje en el puerto de La Habana el 4 de marzo de 1960 cuando transportaba armas y municiones. Tuvieron lugar dos explosiones que produjeron cerca de un centenar de muertos y doscientos heridos. Las autoridades cubanas lo denunciaron como un acto terrorista de la CIA.<\/p>\n<p style=\"text-align: justify;\"><strong><span style=\"color: #0000ff;\">E.D\/ F.M<\/span><\/strong><\/p>\n<p><img loading=\"lazy\" decoding=\"async\" class=\"size-full wp-image-133448 aligncenter\" src=\"http:\/\/sana.sy\/es\/wp-content\/uploads\/2020\/03\/13-8.jpg\" alt=\"\" width=\"660\" height=\"381\" srcset=\"https:\/\/archive.sana.sy\/es\/wp-content\/uploads\/2020\/03\/13-8.jpg 660w, https:\/\/archive.sana.sy\/es\/wp-content\/uploads\/2020\/03\/13-8-300x173.jpg 300w, https:\/\/archive.sana.sy\/es\/wp-content\/uploads\/2020\/03\/13-8-150x87.jpg 150w\" sizes=\"(max-width: 660px) 100vw, 660px\" \/><\/p>\n","protected":false},"excerpt":{"rendered":"<p>Quneitra, SANA El embajador de Cuba en Siria, Miguel Porto Parga, ratific\u00f3 la solidaridad de su pa\u00eds con Siria que enfrenta una guerra terrorista por su apoyo a las fuerzas de liberaci\u00f3n y resistencia en el mundo. Subray\u00f3 que el Gol\u00e1n ocupado es un territorio \u00e1rabe sirio y tach\u00f3 de ilegales a todas las medidas &hellip;<\/p>\n","protected":false},"author":32,"featured_media":133449,"comment_status":"closed","ping_status":"closed","sticky":false,"template":"","format":"standard","meta":{"footnotes":""},"categories":[597,476,7541],"tags":[],"class_list":["post-133447","post","type-post","status-publish","format-standard","has-post-thumbnail","","category-cinta-de-noticias","category-locales","category-ultimas-noticias"],"_links":{"self":[{"href":"https:\/\/archive.sana.sy\/es\/index.php?rest_route=\/wp\/v2\/posts\/133447"}],"collection":[{"href":"https:\/\/archive.sana.sy\/es\/index.php?rest_route=\/wp\/v2\/posts"}],"about":[{"href":"https:\/\/archive.sana.sy\/es\/index.php?rest_route=\/wp\/v2\/types\/post"}],"author":[{"embeddable":true,"href":"https:\/\/archive.sana.sy\/es\/index.php?rest_route=\/wp\/v2\/users\/32"}],"replies":[{"embeddable":true,"href":"https:\/\/archive.sana.sy\/es\/index.php?rest_route=%2Fwp%2Fv2%2Fcomments&post=133447"}],"version-history":[{"count":0,"href":"https:\/\/archive.sana.sy\/es\/index.php?rest_route=\/wp\/v2\/posts\/133447\/revisions"}],"wp:featuredmedia":[{"embeddable":true,"href":"https:\/\/archive.sana.sy\/es\/index.php?rest_route=\/wp\/v2\/media\/133449"}],"wp:attachment":[{"href":"https:\/\/archive.sana.sy\/es\/index.php?rest_route=%2Fwp%2Fv2%2Fmedia&parent=133447"}],"wp:term":[{"taxonomy":"category","embeddable":true,"href":"https:\/\/archive.sana.sy\/es\/index.php?rest_route=%2Fwp%2Fv2%2Fcategories&post=133447"},{"taxonomy":"post_tag","embeddable":true,"href":"https:\/\/archive.sana.sy\/es\/index.php?rest_route=%2Fwp%2Fv2%2Ftags&post=133447"}],"curies":[{"name":"wp","href":"https:\/\/api.w.org\/{rel}","templated":true}]}}