{"id":133454,"date":"2020-03-05T17:12:36","date_gmt":"2020-03-05T15:12:36","guid":{"rendered":"http:\/\/sana.sy\/es\/?p=133454"},"modified":"2023-01-10T14:33:58","modified_gmt":"2023-01-10T12:33:58","slug":"presidente-assad-erdogan-esta-combatiendo-junto-a-los-terroristas-y-nuestra-prioridad-militar-es-idleb-y-luego-las-regiones-orientales","status":"publish","type":"post","link":"https:\/\/archive.sana.sy\/es\/?p=133454","title":{"rendered":"Presidente Assad: Erdogan est\u00e1 combatiendo junto a los terroristas, y nuestra prioridad militar es Idleb y luego las regiones orientales"},"content":{"rendered":"<p style=\"text-align: justify;\"><span style=\"color: #800000;\"><strong>Damasco, SANA<\/strong><\/span><\/p>\n<p style=\"text-align: justify;\">El presidente Bashar Al-Assad, concedi\u00f3 una entrevista a la cadena rusa \u201cRussia 24\u201d en la que abord\u00f3 varios temas nacionales, regionales e \u00a0internacionales.<\/p>\n<p style=\"text-align: justify;\"><span style=\"color: #0000ff;\"><strong>Erdogan est\u00e1 combatiendo con los terroristas y la Hermandad Musulmana es el primer grupo que adopt\u00f3 la violencia y us\u00f3 la religi\u00f3n para ganar el poder<\/strong><\/span><\/p>\n<p style=\"text-align: justify;\">En respuesta a una pregunta sobre la pol\u00edtica turca hacia Siria antes y despu\u00e9s de la guerra, el presidente dijo: \u201cel verdadero problema tiene que ver con la pol\u00edtica estadounidense y cuando Washington decidi\u00f3 que los gobiernos seculares aliados en esta regi\u00f3n ya no son capaces de implementar los roles encomendados para ellos, y decidi\u00f3 reemplazar a esos reg\u00edmenes por otros con ideolog\u00eda de la Hermandad Musulmana que usa la religi\u00f3n para manipular el p\u00fablico en general, y as\u00ed las cosas se vuelven m\u00e1s f\u00e1ciles para los planes estadounidenses y occidentales; y este proceso comenz\u00f3 a trav\u00e9s de la llamada &#8220;Primavera \u00c1rabe&#8221;.<\/p>\n<p style=\"text-align: justify;\">Indic\u00f3 que antes de esta etapa las relaciones sirio-turcas eran buenas en el \u00e1mbito pol\u00edtico y econ\u00f3mico, e incluso hab\u00eda cooperaci\u00f3n de seguridad y militar; y no hab\u00eda problemas entre Siria y Turqu\u00eda.<\/p>\n<p style=\"text-align: justify;\">\u201cNo hicimos nada contra ellos y no apoyamos fuerzas hostiles a ellos y pens\u00e1bamos que \u00e9ramos vecinos y hermanos, pero la pertenencia de Erdogan a la Hermandad Musulmana era m\u00e1s fuerte y cambi\u00f3 su pol\u00edtica hacia Siria\u201d, se\u00f1al\u00f3.<\/p>\n<p style=\"text-align: justify;\">El mandatario sirio explic\u00f3 que la Hermandad Musulmana es el primer grupo que adopt\u00f3 la violencia y us\u00f3 la religi\u00f3n para ganar el poder.<\/p>\n<p style=\"text-align: justify;\"><strong><span style=\"color: #0000ff;\">Erdogan cree que el pueblo turco deber\u00eda morir solo por su causa y por eso no puede explicar por qu\u00e9 est\u00e1n muriendo sus soldados en Siria<\/span><\/strong><\/p>\n<p style=\"text-align: justify;\">El presidente se pregunt\u00f3: \u00bfpor qu\u00e9 mueren los soldados turcos en Siria? \u00bfCu\u00e1l es la causa por la cual mueren? \u00bfCu\u00e1l es la disputa? Y contest\u00f3: \u201cno hay causa, incluso Erdogan no puede decirle ahora a su pueblo por qu\u00e9 est\u00e1 enviando su ej\u00e9rcito a luchar en Siria, ya que el problema est\u00e1 en su ideolog\u00eda que no tiene nada que ver con los intereses supremos de Turqu\u00eda\u201d<\/p>\n<p style=\"text-align: justify;\">Aclar\u00f3 que Erdogan cree que el pueblo turco deber\u00eda morir solo por su causa y por eso no puede explicar al pueblo turco por qu\u00e9 est\u00e1n muriendo sus soldados en Siria.<\/p>\n<p style=\"text-align: justify;\"><span style=\"color: #0000ff;\"><strong>Es posible que lleguemos a restablecer las relaciones diplom\u00e1ticas y eso no se lograr\u00e1 mientras Erdogan siga apoyando a los terroristas<\/strong><\/span><\/p>\n<p style=\"text-align: justify;\">Sobre si hay esperanza que haya contactos graduales entre Turqu\u00eda y Siria, y en el futuro quiz\u00e1s relaciones diplom\u00e1ticas, el gobernante sirio contest\u00f3: \u201ca pesar de la agresi\u00f3n turca, nuestro objetivo com\u00fan, me refiero a Siria y Rusia, era alejar a Turqu\u00eda del enfoque que adopt\u00f3 hasta ahora y que se basa en apoyar a los terroristas\u201d.<\/p>\n<p style=\"text-align: justify;\">\u201cPara nosotros en Siria y tambi\u00e9n para los rusos, Turqu\u00eda es un pa\u00eds vecino, y es natural que tengamos relaciones s\u00f3lidas y lo que no es normal bajo ninguna circunstancia es que esas relaciones sean malas; y por supuesto es posible que lleguemos a restablecer las relaciones diplom\u00e1ticas pero eso no se lograr\u00e1 mientras Erdogan siga apoyando a los terroristas\u201d, acot\u00f3.<\/p>\n<p style=\"text-align: justify;\"><img loading=\"lazy\" decoding=\"async\" class=\"size-medium wp-image-133473 alignleft\" src=\"http:\/\/sana.sy\/es\/wp-content\/uploads\/2020\/03\/1-61-300x239.jpg\" alt=\"\" width=\"300\" height=\"239\" srcset=\"https:\/\/archive.sana.sy\/es\/wp-content\/uploads\/2020\/03\/1-61-300x239.jpg 300w, https:\/\/archive.sana.sy\/es\/wp-content\/uploads\/2020\/03\/1-61-150x119.jpg 150w, https:\/\/archive.sana.sy\/es\/wp-content\/uploads\/2020\/03\/1-61.jpg 660w\" sizes=\"(max-width: 300px) 100vw, 300px\" \/>Detall\u00f3 que \u201cno hay hostilidad entre los dos pueblos y que la actual hostilidad es generada por sucesos pol\u00edticos o pol\u00edticas vinculadas a los propios intereses de Erdogan\u201d.<\/p>\n<p style=\"text-align: justify;\">Sobre el mensaje que quiere transmitir al pueblo turco, el presidente al-Assad dijo: \u201csiempre dec\u00edamos que el pueblo turco es un pueblo hermano y ahora le pregunto: \u00bfcu\u00e1l es su problema con Siria? \u00bfcu\u00e1l es la causa por el que un ciudadano turco merece morir en Siria? \u00bfCu\u00e1l es el acto hostil que Siria tom\u00f3 contra Turqu\u00eda durante la guerra o antes de la guerra?, y yo digo que Siria no hizo ni la m\u00e1s m\u00ednima acci\u00f3n hostil contra Turqu\u00eda, y por lo tanto, no es l\u00f3gico tener una discrepancia entre nosotros y ellos\u201d<strong>.<\/strong><\/p>\n<p style=\"text-align: justify;\"><span style=\"color: #0000ff;\"><strong>La Hermandad Musulmana no tienen moral pol\u00edtica, social o religiosa, y para ellos la religi\u00f3n no es bondad sino violencia<\/strong><\/span><\/p>\n<p style=\"text-align: justify;\">Sobre sus reuniones en el pasado con algunas figuras de la Hermandad Musulmana, el presidente coment\u00f3: \u201cMe reun\u00ed con figuras que pertenec\u00edan a la Hermandad Musulmana de muchos pa\u00edses y Erdogan era uno de ellos, y tambi\u00e9n recib\u00ed a figuras de Egipto y Palestina, y todos sol\u00edan decir palabras dulces y hermosas sobre Siria o sobre una relaci\u00f3n personal conmigo, pero cuando las cosas cambian, se viran contra uno, y as\u00ed son los de la Hermandad Musulmana, no tienen moral pol\u00edtica, social o religiosa, y para ellos, la religi\u00f3n no es bondad sino violencia; ellos son oportunistas, ambiguos y mentirosos\u201d.<\/p>\n<p style=\"text-align: justify;\"><span style=\"color: #0000ff;\"><strong>Somos un pa\u00eds peque\u00f1o pero tenemos muchos factores que nos hacen fuertes en esta guerra<\/strong><\/span><\/p>\n<p style=\"text-align: justify;\">El periodista pregunt\u00f3 por el secreto del poder que almacena el pueblo sirio y que le permite vivir, triunfar y evitar la desesperaci\u00f3n despu\u00e9s de nueve a\u00f1os de guerra, quiere decir dos veces m\u00e1s que la Segunda Guerra Mundial, y el Al-Assad respondi\u00f3: \u201caunque somos un pa\u00eds peque\u00f1o pero hay muchos factores que nos hacen fuertes en esta guerra\u201d.<\/p>\n<p style=\"text-align: justify;\">\u201cPrimero, y es lo m\u00e1s importante es la conciencia nacional y popular, pues Siria podr\u00eda haberse desaparecido si no fuera por esta conciencia popular que llev\u00f3 a la unidad nacional; y el segundo factor es la capacidad m\u00edtica del pueblo a sacrificarse y eso lo vimos principalmente a trav\u00e9s del ej\u00e9rcito \u00e1rabe sirio, y uno cree que esos sacrificios solo se pueden ver en pel\u00edculas o telenovelas y en realidad lo vimos\u00a0 en cada batalla, y esto fue lo que protegi\u00f3 al pa\u00eds\u201d, dijo.<\/p>\n<p style=\"text-align: justify;\">Agreg\u00f3 que el pueblo tambi\u00e9n se ha sacrificado al vivir en condiciones muy dif\u00edciles y en medio de bombardeos continuos, asedio, mala situaci\u00f3n econ\u00f3mica y, sin embargo, se qued\u00f3 apegado a su tierra natal.<\/p>\n<p style=\"text-align: justify;\">El tercer factor de la resistencia de Siria, seg\u00fan el presidente, es el sector p\u00fablico que ha desempe\u00f1ado un papel importante en la cohesi\u00f3n del pa\u00eds, y se\u00f1al\u00f3 que en las peores circunstancias, no se ha dejado de pagar los sueldos ni cerraron las escuelas ni se dej\u00f3 de prestar servicios, y la vida continu\u00f3.<\/p>\n<p style=\"text-align: justify;\"><span style=\"color: #0000ff;\"><strong>La sociedad siria hoy en t\u00e9rminos de cohesi\u00f3n e integraci\u00f3n social es mejor de lo que era antes de la guerra.<\/strong><\/span><\/p>\n<p style=\"text-align: justify;\">Por otro lado, el presidente dijo que la sociedad siria hoy en d\u00eda y en t\u00e9rminos de cohesi\u00f3n e integraci\u00f3n social entre sus diversos componentes, es mejor de lo que era antes de la guerra.<\/p>\n<p style=\"text-align: justify;\">\u201cEs mejor por la sencilla raz\u00f3n de que la guerra es una lecci\u00f3n muy importante para cualquier sociedad y es una lecci\u00f3n de que el extremismo destruye y que no aceptar al otro es peligroso\u201d, explic\u00f3.<\/p>\n<p style=\"text-align: justify;\"><span style=\"color: #0000ff;\"><strong>La versi\u00f3n occidental muestra que la guerra en Siria es una guerra entre sectas y eso no es cierto<\/strong><\/span><\/p>\n<p style=\"text-align: justify;\">La versi\u00f3n occidental muestra que la guerra en Siria es una guerra entre sectas y eso no es cierto porque la guerra entre sectas significa que cada regi\u00f3n del pa\u00eds ser\u00e1 de un solo color, y eso no existe en las regiones bajo control del Gobierno y solo los terroristas buscaban imponer una parte de un color y no solo un color.<\/p>\n<p style=\"text-align: justify;\"><strong><span style=\"color: #0000ff;\">La amnist\u00eda es uno de los elementos b\u00e1sicos de nuestra pol\u00edtica interna y las reconciliaciones han tenido \u00e9xito<\/span> <\/strong><\/p>\n<p style=\"text-align: justify;\">Sobre los indultos que se emiten, el presidente dijo que en este tipo de guerra, la amnist\u00eda debe ser uno de los elementos b\u00e1sicos de la pol\u00edtica interna.<\/p>\n<p style=\"text-align: justify;\">\u201cNo podemos restaurar la estabilidad si no hay amnist\u00eda por los errores cometidos, y esto es lo que hicimos desde los primeros a\u00f1os de la guerra cuando comenzamos a emitir decretos legales de amnist\u00eda de vez en cuando; y en las \u00e1reas donde estaban los armados, hicimos lo que llamamos reconciliaciones y, en consecuencia, hicimos lo que legalmente se llama &#8220;normalizar el estatus jur\u00eddico\u201d y se perdona al que entrega sus armas y eso fue muy exitoso y dio resultados en la estabilidad en muchas \u00e1reas.<\/p>\n<p style=\"text-align: justify;\"><span style=\"color: #0000ff;\"><strong>Nuestra prioridad militar ahora es recuperar a Idleb y luego las regiones orientales donde hay <\/strong><strong>un gran descontento popular contra la ocupaci\u00f3n estadounidense<\/strong><\/span><\/p>\n<p style=\"text-align: justify;\">El l\u00edder sirio dijo que la prioridad militar para Siria ahora es recuperar a Idleb y es por ello que Erdogan, en cumplimiento de instrucciones de EE.UU, ha puesto toda su fuerza para impedirlo porque la liberaci\u00f3n de Idleb significa dirigirse a liberar las regiones orientales donde hay un gran descontento popular contra la ocupaci\u00f3n estadounidense y esta ira generar\u00e1 operaciones de resistencia contra los ocupantes.<\/p>\n<p style=\"text-align: justify;\">\u201cCreo que esta ira aumentar\u00e1 gradualmente y comenzar\u00e1n las operaciones de resistencia contra los ocupantes, y es deber nacional y constitucional del Estado apoyar cualquier acci\u00f3n tomada contra cualquier potencia ocupante. Con el tiempo, no podr\u00e1n permanecer ni por el petr\u00f3leo ni por ning\u00fan otro motivo. Y el ocupante turco si no sale por la negociaci\u00f3n pol\u00edtica, entonces ser\u00e1 expulsado\u201d, precis\u00f3.<\/p>\n<p style=\"text-align: justify;\"><span style=\"color: #0000ff;\"><strong>La mayor\u00eda de los pa\u00edses \u00e1rabes mantuvieron sus relaciones con Siria pero de manera no p\u00fablica por temor a la presi\u00f3n de Occidente y EE.UU<\/strong><\/span><\/p>\n<p style=\"text-align: justify;\">Por otro lado, indic\u00f3 que la mayor\u00eda de los pa\u00edses \u00e1rabes han mantenido sus relaciones con Siria, pero de manera no p\u00fablica por temor a la presi\u00f3n de Occidente y Estados Unidos sobre ellos.<\/p>\n<p style=\"text-align: justify;\"><img loading=\"lazy\" decoding=\"async\" class=\"size-medium wp-image-133474 alignleft\" src=\"http:\/\/sana.sy\/es\/wp-content\/uploads\/2020\/03\/2-45-300x206.jpg\" alt=\"\" width=\"300\" height=\"206\" srcset=\"https:\/\/archive.sana.sy\/es\/wp-content\/uploads\/2020\/03\/2-45-300x206.jpg 300w, https:\/\/archive.sana.sy\/es\/wp-content\/uploads\/2020\/03\/2-45-150x103.jpg 150w, https:\/\/archive.sana.sy\/es\/wp-content\/uploads\/2020\/03\/2-45-110x75.jpg 110w, https:\/\/archive.sana.sy\/es\/wp-content\/uploads\/2020\/03\/2-45.jpg 660w\" sizes=\"(max-width: 300px) 100vw, 300px\" \/>\u201cLa mayor\u00eda de los pa\u00edses \u00e1rabes han mantenido sus relaciones con Siria, pero de manera no p\u00fablica por temor a las presiones, incluso esos pa\u00edses expresaban su apoyo a Siria y su esperanza de que logre victoria contra los terroristas, pero la presi\u00f3n occidental, espec\u00edficamente de Estados Unidos, imped\u00eda que esos pa\u00edses reabrieran sus embajadas en Siria, especialmente en los estados del Golfo\u201d, explic\u00f3.<\/p>\n<p style=\"text-align: justify;\"><span style=\"color: #0000ff;\"><strong>La pol\u00edtica europea est\u00e1 atada con la pol\u00edtica estadounidense y su dependencia de su maestro estadounidense<\/strong><\/span><\/p>\n<p style=\"text-align: justify;\">En cuanto a los pa\u00edses europeos, Al-Assad dijo que Siria no pierde el tiempo hablando del papel europeo debido al v\u00ednculo de la pol\u00edtica europea con la pol\u00edtica estadounidense y su dependencia de su maestro estadounidense.<\/p>\n<p style=\"text-align: justify;\">\u201cPara nosotros y desde hace m\u00e1s de una d\u00e9cada, incluso antes de esta guerra, Europa estaba ausente del escenario pol\u00edtico internacional. Europa no existe desde 2003 cuando Estados Unidos entr\u00f3 en Iraq y consideramos que Europa se rindi\u00f3 por completo a EE.UU, y se convirti\u00f3 en simple ejecutor de lo que el Gobierno estadounidense le asigna\u201d, aclar\u00f3.<\/p>\n<p style=\"text-align: justify;\">En este sentido, a\u00f1adi\u00f3 que \u201cno tiene sentido hablar si abren o no abren sus embajadas porque nos reunimos con varios funcionarios de seguridad de la mayor\u00eda de los pa\u00edses europeos y fueron objetivos al decir que ellos no pueden cambiar\u201d.<\/p>\n<p style=\"text-align: justify;\"><span style=\"color: #0000ff;\"><strong>La presencia de la base militar rusa en Siria logra un equilibrio internacional, pol\u00edtico y militar<\/strong><\/span><\/p>\n<p style=\"text-align: justify;\">El presidente al-Assad hizo hincapi\u00e9 en que la relaci\u00f3n entre Siria y Rusia tiene m\u00e1s de seis d\u00e9cadas y es una relaci\u00f3n de asociaci\u00f3n, y despu\u00e9s de la guerra se han fortalecido y consolidado m\u00e1s.<\/p>\n<p style=\"text-align: justify;\">Explic\u00f3 que la presencia de la base militar rusa en Siria no solo tiene solo el prop\u00f3sito de combatir el terrorismo sino a encontrar un equilibrio internacional, pol\u00edtico y militar.<\/p>\n<p style=\"text-align: justify;\"><span style=\"color: #0000ff;\"><strong>F.M<\/strong><\/span><\/p>\n<p style=\"text-align: justify;\">\n","protected":false},"excerpt":{"rendered":"<p>Damasco, SANA El presidente Bashar Al-Assad, concedi\u00f3 una entrevista a la cadena rusa \u201cRussia 24\u201d en la que abord\u00f3 varios temas nacionales, regionales e \u00a0internacionales. Erdogan est\u00e1 combatiendo con los terroristas y la Hermandad Musulmana es el primer grupo que adopt\u00f3 la violencia y us\u00f3 la religi\u00f3n para ganar el poder En respuesta a una &hellip;<\/p>\n","protected":false},"author":34,"featured_media":133455,"comment_status":"closed","ping_status":"closed","sticky":false,"template":"","format":"standard","meta":{"footnotes":""},"categories":[447,617,476,583,626],"tags":[],"class_list":["post-133454","post","type-post","status-publish","format-standard","has-post-thumbnail","","category-local-politica","category-decretos-y-leyes","category-locales","category-slide","category-sr-presidente"],"_links":{"self":[{"href":"https:\/\/archive.sana.sy\/es\/index.php?rest_route=\/wp\/v2\/posts\/133454"}],"collection":[{"href":"https:\/\/archive.sana.sy\/es\/index.php?rest_route=\/wp\/v2\/posts"}],"about":[{"href":"https:\/\/archive.sana.sy\/es\/index.php?rest_route=\/wp\/v2\/types\/post"}],"author":[{"embeddable":true,"href":"https:\/\/archive.sana.sy\/es\/index.php?rest_route=\/wp\/v2\/users\/34"}],"replies":[{"embeddable":true,"href":"https:\/\/archive.sana.sy\/es\/index.php?rest_route=%2Fwp%2Fv2%2Fcomments&post=133454"}],"version-history":[{"count":0,"href":"https:\/\/archive.sana.sy\/es\/index.php?rest_route=\/wp\/v2\/posts\/133454\/revisions"}],"wp:featuredmedia":[{"embeddable":true,"href":"https:\/\/archive.sana.sy\/es\/index.php?rest_route=\/wp\/v2\/media\/133455"}],"wp:attachment":[{"href":"https:\/\/archive.sana.sy\/es\/index.php?rest_route=%2Fwp%2Fv2%2Fmedia&parent=133454"}],"wp:term":[{"taxonomy":"category","embeddable":true,"href":"https:\/\/archive.sana.sy\/es\/index.php?rest_route=%2Fwp%2Fv2%2Fcategories&post=133454"},{"taxonomy":"post_tag","embeddable":true,"href":"https:\/\/archive.sana.sy\/es\/index.php?rest_route=%2Fwp%2Fv2%2Ftags&post=133454"}],"curies":[{"name":"wp","href":"https:\/\/api.w.org\/{rel}","templated":true}]}}