{"id":133589,"date":"2020-03-06T12:53:39","date_gmt":"2020-03-06T10:53:39","guid":{"rendered":"http:\/\/sana.sy\/es\/?p=133589"},"modified":"2020-04-06T14:49:03","modified_gmt":"2020-04-06T11:49:03","slug":"restauracion-del-sistema-electrico-afectado-por-el-terrorismo-en-alepo","status":"publish","type":"post","link":"https:\/\/archive.sana.sy\/es\/?p=133589","title":{"rendered":"Restauraci\u00f3n del sistema el\u00e9ctrico afectado por el terrorismo en Alepo"},"content":{"rendered":"<div>\n<p dir=\"LTR\" style=\"text-align: justify;\"><span style=\"color: #800000;\"><strong><span lang=\"FR\">Alepo, SANA<\/span><\/strong><\/span><\/p>\n<p dir=\"LTR\" style=\"text-align: justify;\"><span id=\"m_-7601567985978057106yMail_cursorElementTracker_1583491768031\" lang=\"FR\">La Empresa Estatal de Electricidad en la provincia de Alepo trabaja para rehabilitar y mantener la red el\u00e9ctrica y las estaciones y centros de conversi\u00f3n afectados por el terrorismo en las zonas liberadas por el ej\u00e9rcito \u00e1rabe sirio en el oeste y el sur de la provincia.<\/span><\/p>\n<p dir=\"LTR\" style=\"text-align: justify;\"><span lang=\"FR\">El gerente de la empresa, Mohammed Al Saleh, explic\u00f3 en un comunicado al corresponsal de SANA que se asign\u00f3 75 mil millones de libras distribuida a instituciones y empresas de generaci\u00f3n, transporte y distribuci\u00f3n para rehabilitar el sistema el\u00e9ctrico en Alepo.<\/span><\/p>\n<p dir=\"LTR\" style=\"text-align: justify;\"><span lang=\"FR\">Se\u00f1al\u00f3 que actualmente se est\u00e1 trabajando para rehabilitar la planta de conversi\u00f3n de energ\u00eda de ICARDA al sur de Alepo y el mantenimiento de 4 l\u00edneas para suministrar electricidad a instalaciones industriales y suburbios residenciales para los ciudadanos en esa zona.<\/span><\/p>\n<p dir=\"LTR\" style=\"text-align: justify;\"><span lang=\"FR\">El plan de la Empresa Estatal de Electricidad de Alepo para el a\u00f1o en curso incluye la rehabilitaci\u00f3n de 400 centros de conversi\u00f3n dentro de la ciudad de Alepo y en el campo de la provincia.<\/span><\/p>\n<\/div>\n<div dir=\"ltr\" style=\"text-align: justify;\"><span style=\"color: #0000ff;\"><strong><span style=\"font-family: Times New Roman, serif;\">A. Sh. \/ F. M.\/ A. H.<\/span><\/strong><\/span><\/div>\n","protected":false},"excerpt":{"rendered":"<p>Alepo, SANA La Empresa Estatal de Electricidad en la provincia de Alepo trabaja para rehabilitar y mantener la red el\u00e9ctrica y las estaciones y centros de conversi\u00f3n afectados por el terrorismo en las zonas liberadas por el ej\u00e9rcito \u00e1rabe sirio en el oeste y el sur de la provincia. El gerente de la empresa, Mohammed &hellip;<\/p>\n","protected":false},"author":30,"featured_media":133590,"comment_status":"closed","ping_status":"closed","sticky":false,"template":"","format":"standard","meta":{"footnotes":""},"categories":[597,476],"tags":[17645],"class_list":["post-133589","post","type-post","status-publish","format-standard","has-post-thumbnail","","category-cinta-de-noticias","category-locales","tag-restauracion-del-sistema-electrico-afectado-por-el-terrorismo-en-alepo"],"_links":{"self":[{"href":"https:\/\/archive.sana.sy\/es\/index.php?rest_route=\/wp\/v2\/posts\/133589"}],"collection":[{"href":"https:\/\/archive.sana.sy\/es\/index.php?rest_route=\/wp\/v2\/posts"}],"about":[{"href":"https:\/\/archive.sana.sy\/es\/index.php?rest_route=\/wp\/v2\/types\/post"}],"author":[{"embeddable":true,"href":"https:\/\/archive.sana.sy\/es\/index.php?rest_route=\/wp\/v2\/users\/30"}],"replies":[{"embeddable":true,"href":"https:\/\/archive.sana.sy\/es\/index.php?rest_route=%2Fwp%2Fv2%2Fcomments&post=133589"}],"version-history":[{"count":0,"href":"https:\/\/archive.sana.sy\/es\/index.php?rest_route=\/wp\/v2\/posts\/133589\/revisions"}],"wp:featuredmedia":[{"embeddable":true,"href":"https:\/\/archive.sana.sy\/es\/index.php?rest_route=\/wp\/v2\/media\/133590"}],"wp:attachment":[{"href":"https:\/\/archive.sana.sy\/es\/index.php?rest_route=%2Fwp%2Fv2%2Fmedia&parent=133589"}],"wp:term":[{"taxonomy":"category","embeddable":true,"href":"https:\/\/archive.sana.sy\/es\/index.php?rest_route=%2Fwp%2Fv2%2Fcategories&post=133589"},{"taxonomy":"post_tag","embeddable":true,"href":"https:\/\/archive.sana.sy\/es\/index.php?rest_route=%2Fwp%2Fv2%2Ftags&post=133589"}],"curies":[{"name":"wp","href":"https:\/\/api.w.org\/{rel}","templated":true}]}}