{"id":133592,"date":"2020-03-06T19:46:15","date_gmt":"2020-03-06T17:46:15","guid":{"rendered":"http:\/\/sana.sy\/es\/?p=133592"},"modified":"2020-03-06T19:48:45","modified_gmt":"2020-03-06T17:48:45","slug":"reina-calma-en-las-zonas-de-operaciones-militares-en-idleb-y-el-ejercito-respondera-a-cualquier-violacion-por-parte-de-terroristas","status":"publish","type":"post","link":"https:\/\/archive.sana.sy\/es\/?p=133592","title":{"rendered":"Reina calma en las zonas de operaciones militares en Idleb, y el ej\u00e9rcito responder\u00e1 a cualquier violaci\u00f3n por parte de terroristas"},"content":{"rendered":"<div>\n<p style=\"text-align: justify;\"><span style=\"color: #800000;\"><strong><span lang=\"ES-TRAD\">Idleb, SANA<\/span><\/strong><\/span><\/p>\n<p style=\"text-align: justify;\"><span lang=\"ES-TRAD\">La calma reina en las zonas de operaciones militares en la regi\u00f3n de Idleb despu\u00e9s de la entrada en vigor del acuerdo de cese de acciones de combate a partir de las 00.00 horas del 6 de marzo.<\/span><\/p>\n<p style=\"text-align: justify;\"><span lang=\"ES-TRAD\">El corresponsal de SANA indic\u00f3 que las \u00e1reas liberadas por las unidades del ej\u00e9rcito sirio a lo largo de cientos de kil\u00f3metros desde la localidad de Kafer Nubol en el sur de Idleb hasta el oeste de la ciudad de Saraqueb presencian una calma despu\u00e9s de que el alto el fuego firmado la v\u00edspera en Mosc\u00fa entrara en vigor a partir de la medianoche del jueves.<\/span><\/p>\n<p style=\"text-align: justify;\"><span lang=\"ES-TRAD\">Seg\u00fan el reportero, las unidades del ej\u00e9rcito est\u00e1n en plena disposici\u00f3n y disponibilidad para responder duro a cualquier intento de violaci\u00f3n por parte de las organizaciones terroristas que sol\u00edan en el pasado violar los acuerdos de cese al fuego y atacaban las \u00e1reas seguras cercanas y los puntos del ej\u00e9rcito.<\/span><\/p>\n<p style=\"text-align: justify;\"><span lang=\"ES-TRAD\">El presidente ruso, Vlad\u00edmir Putin, anunci\u00f3 el alcance de un acuerdo de alto el fuego en Idleb y el mismo hace hincapi\u00e9 en el compromiso con la unidad y soberan\u00eda de Siria y la continuaci\u00f3n de la lucha contra el terrorismo.<\/span><\/p>\n<p style=\"text-align: justify;\"><span style=\"color: #0000ff;\"><strong>A. Sh.\/ F. M.\/ A. H.<\/strong><\/span><\/p>\n<\/div>\n<p style=\"text-align: justify;\">\n","protected":false},"excerpt":{"rendered":"<p>Idleb, SANA La calma reina en las zonas de operaciones militares en la regi\u00f3n de Idleb despu\u00e9s de la entrada en vigor del acuerdo de cese de acciones de combate a partir de las 00.00 horas del 6 de marzo. El corresponsal de SANA indic\u00f3 que las \u00e1reas liberadas por las unidades del ej\u00e9rcito sirio &hellip;<\/p>\n","protected":false},"author":30,"featured_media":133593,"comment_status":"closed","ping_status":"closed","sticky":false,"template":"","format":"standard","meta":{"footnotes":""},"categories":[597,573,7541],"tags":[17646],"class_list":["post-133592","post","type-post","status-publish","format-standard","has-post-thumbnail","","category-cinta-de-noticias","category-la-realidad-de-los-acontecimientos-en-siria","category-ultimas-noticias","tag-reina-calma-en-las-zonas-de-operaciones-militares-en-idleb-y-el-ejercito-respondera-a-cualquier-violacion-por-parte-de-terroristas"],"_links":{"self":[{"href":"https:\/\/archive.sana.sy\/es\/index.php?rest_route=\/wp\/v2\/posts\/133592"}],"collection":[{"href":"https:\/\/archive.sana.sy\/es\/index.php?rest_route=\/wp\/v2\/posts"}],"about":[{"href":"https:\/\/archive.sana.sy\/es\/index.php?rest_route=\/wp\/v2\/types\/post"}],"author":[{"embeddable":true,"href":"https:\/\/archive.sana.sy\/es\/index.php?rest_route=\/wp\/v2\/users\/30"}],"replies":[{"embeddable":true,"href":"https:\/\/archive.sana.sy\/es\/index.php?rest_route=%2Fwp%2Fv2%2Fcomments&post=133592"}],"version-history":[{"count":0,"href":"https:\/\/archive.sana.sy\/es\/index.php?rest_route=\/wp\/v2\/posts\/133592\/revisions"}],"wp:featuredmedia":[{"embeddable":true,"href":"https:\/\/archive.sana.sy\/es\/index.php?rest_route=\/wp\/v2\/media\/133593"}],"wp:attachment":[{"href":"https:\/\/archive.sana.sy\/es\/index.php?rest_route=%2Fwp%2Fv2%2Fmedia&parent=133592"}],"wp:term":[{"taxonomy":"category","embeddable":true,"href":"https:\/\/archive.sana.sy\/es\/index.php?rest_route=%2Fwp%2Fv2%2Fcategories&post=133592"},{"taxonomy":"post_tag","embeddable":true,"href":"https:\/\/archive.sana.sy\/es\/index.php?rest_route=%2Fwp%2Fv2%2Ftags&post=133592"}],"curies":[{"name":"wp","href":"https:\/\/api.w.org\/{rel}","templated":true}]}}