{"id":133625,"date":"2020-03-06T17:29:05","date_gmt":"2020-03-06T15:29:05","guid":{"rendered":"http:\/\/sana.sy\/es\/?p=133625"},"modified":"2023-01-12T14:44:42","modified_gmt":"2023-01-12T12:44:42","slug":"docenas-de-palestinos-resultan-heridos-por-represion-israeli","status":"publish","type":"post","link":"https:\/\/archive.sana.sy\/es\/?p=133625","title":{"rendered":"Docenas de palestinos resultan heridos por represi\u00f3n israel\u00ed"},"content":{"rendered":"<p><span style=\"color: #800000;\">Jerusal\u00e9n ocupada, SANA<\/span><\/p>\n<p style=\"text-align: justify;\">Este viernes, docenas de palestinos resultaron heridos y asfixiados \u00a0como resultado de la represi\u00f3n ejercida por las fuerzas de ocupaci\u00f3n israel\u00edes de la manifestaci\u00f3n semanal contra el asentamiento organizada en \u00a0la aldea de Kafr Qaddum, en Cisjordania.<\/p>\n<p style=\"text-align: justify;\">Los manifestantes palestinos exigieron tambi\u00e9n \u00a0la apertura de la calle ce de la aldea que lleva cerrada\u00a0 16 a\u00f1os.<\/p>\n<p style=\"text-align: justify;\">Por su parte, el coordinador de la Resistencia Popular en Kafr Qaddum,\u00a0 Murad Shtaiwi, declar\u00f3\u00a0 a la agencia palestina de noticias (MAAN) \u00a0que las fuerzas de ocupaci\u00f3n asaltaron la aldea y dispararon balas y lanzaron bombas de gas venenoso contra \u00a0los participantes en la manifestaci\u00f3n, lo que result\u00f3 en la lesi\u00f3n de dos j\u00f3venes y docenas de casos de asfixia.<\/p>\n<p style=\"text-align: justify;\">Es de destacar que la poblado de Kafr Kaddoum es testigo de continuas manifestaciones contra la ocupaci\u00f3n, el muro del apartheid y la construcci\u00f3n de bloques de \u00a0asentamiento de sus tierras.<\/p>\n<p>&nbsp;<\/p>\n<p>M.M<\/p>\n","protected":false},"excerpt":{"rendered":"<p>Jerusal\u00e9n ocupada, SANA Este viernes, docenas de palestinos resultaron heridos y asfixiados \u00a0como resultado de la represi\u00f3n ejercida por las fuerzas de ocupaci\u00f3n israel\u00edes de la manifestaci\u00f3n semanal contra el asentamiento organizada en \u00a0la aldea de Kafr Qaddum, en Cisjordania. Los manifestantes palestinos exigieron tambi\u00e9n \u00a0la apertura de la calle ce de la aldea que &hellip;<\/p>\n","protected":false},"author":36,"featured_media":133626,"comment_status":"closed","ping_status":"closed","sticky":false,"template":"","format":"standard","meta":{"footnotes":""},"categories":[597,456,457],"tags":[1494],"class_list":["post-133625","post","type-post","status-publish","format-standard","has-post-thumbnail","","category-cinta-de-noticias","category-arabe-internacional-politica","category-noticias-arabe-internacional-politica","tag-palestina"],"_links":{"self":[{"href":"https:\/\/archive.sana.sy\/es\/index.php?rest_route=\/wp\/v2\/posts\/133625"}],"collection":[{"href":"https:\/\/archive.sana.sy\/es\/index.php?rest_route=\/wp\/v2\/posts"}],"about":[{"href":"https:\/\/archive.sana.sy\/es\/index.php?rest_route=\/wp\/v2\/types\/post"}],"author":[{"embeddable":true,"href":"https:\/\/archive.sana.sy\/es\/index.php?rest_route=\/wp\/v2\/users\/36"}],"replies":[{"embeddable":true,"href":"https:\/\/archive.sana.sy\/es\/index.php?rest_route=%2Fwp%2Fv2%2Fcomments&post=133625"}],"version-history":[{"count":0,"href":"https:\/\/archive.sana.sy\/es\/index.php?rest_route=\/wp\/v2\/posts\/133625\/revisions"}],"wp:featuredmedia":[{"embeddable":true,"href":"https:\/\/archive.sana.sy\/es\/index.php?rest_route=\/wp\/v2\/media\/133626"}],"wp:attachment":[{"href":"https:\/\/archive.sana.sy\/es\/index.php?rest_route=%2Fwp%2Fv2%2Fmedia&parent=133625"}],"wp:term":[{"taxonomy":"category","embeddable":true,"href":"https:\/\/archive.sana.sy\/es\/index.php?rest_route=%2Fwp%2Fv2%2Fcategories&post=133625"},{"taxonomy":"post_tag","embeddable":true,"href":"https:\/\/archive.sana.sy\/es\/index.php?rest_route=%2Fwp%2Fv2%2Ftags&post=133625"}],"curies":[{"name":"wp","href":"https:\/\/api.w.org\/{rel}","templated":true}]}}