{"id":133658,"date":"2020-03-06T19:44:58","date_gmt":"2020-03-06T17:44:58","guid":{"rendered":"http:\/\/sana.sy\/es\/?p=133658"},"modified":"2020-03-06T19:53:42","modified_gmt":"2020-03-06T17:53:42","slug":"erdogan-reconoce-que-sus-fuerzas-sufrieron-enormes-perdidas-en-siria","status":"publish","type":"post","link":"https:\/\/archive.sana.sy\/es\/?p=133658","title":{"rendered":"Erdogan reconoce que sus fuerzas sufrieron enormes p\u00e9rdidas en Siria"},"content":{"rendered":"<p><span style=\"color: #800000;\">Ankara, SANA<\/span><\/p>\n<p style=\"text-align: justify;\">El jefe del r\u00e9gimen turco, Recep Tayyip Erdogan, reconoci\u00f3 que sus ocupantes fuerzas en Siria han sufrido grandes p\u00e9rdidas, que ascienden a cientos, mientras prestaban apoyo a organizaciones terroristas que operan en Siria.<\/p>\n<p style=\"text-align: justify;\">Seg\u00fan los medios de comunicaci\u00f3n turcos, Erdogan ha admitido en un comunicado de prensa emitido a su regreso de Mosc\u00fa, que sus fuerzas que apoyan a las organizaciones terroristas subieron enormes p\u00e9rdidas como resultado de las operaciones del Ej\u00e9rcito \u00c1rabe Sirio contra los efectivos terroristas.<\/p>\n<p style=\"text-align: justify;\">Desde el comienzo de la guerra terrorista en Siria, el jefe del r\u00e9gimen turco brind\u00f3 todo tipo de apoyo a las organizaciones terroristas y permiti\u00f3 que decenas de miles de terroristas extranjeros ingresaran a Siria a trav\u00e9s de su pa\u00eds para cometer los cr\u00edmenes m\u00e1s atroces contra el pueblo sirio.<\/p>\n<p style=\"text-align: justify;\">Adem\u00e1s, el r\u00e9gimen turco ha intentado durante las \u00faltimas dos semanas movilizar a todos sus mercenarios terroristas y proporcionarles armamento avanzado, y lanz\u00f3 ataques a gran escala contra sitios del ej\u00e9rcito en Saraqeb, el sur de Idleb y algunas \u00e1reas rurales de Hama y Alepo y bajo una cobertura feroz de fuego con el objetivo de volver a ocupar las \u00e1reas liberadas por las unidades del ej\u00e9rcito sirio, pero todos sus intentos fracasaron.<\/p>\n<p>M.M<\/p>\n","protected":false},"excerpt":{"rendered":"<p>Ankara, SANA El jefe del r\u00e9gimen turco, Recep Tayyip Erdogan, reconoci\u00f3 que sus ocupantes fuerzas en Siria han sufrido grandes p\u00e9rdidas, que ascienden a cientos, mientras prestaban apoyo a organizaciones terroristas que operan en Siria. Seg\u00fan los medios de comunicaci\u00f3n turcos, Erdogan ha admitido en un comunicado de prensa emitido a su regreso de Mosc\u00fa, &hellip;<\/p>\n","protected":false},"author":36,"featured_media":133659,"comment_status":"closed","ping_status":"closed","sticky":false,"template":"","format":"standard","meta":{"footnotes":""},"categories":[597,7541],"tags":[17650],"class_list":["post-133658","post","type-post","status-publish","format-standard","has-post-thumbnail","","category-cinta-de-noticias","category-ultimas-noticias","tag-erdogan"],"_links":{"self":[{"href":"https:\/\/archive.sana.sy\/es\/index.php?rest_route=\/wp\/v2\/posts\/133658"}],"collection":[{"href":"https:\/\/archive.sana.sy\/es\/index.php?rest_route=\/wp\/v2\/posts"}],"about":[{"href":"https:\/\/archive.sana.sy\/es\/index.php?rest_route=\/wp\/v2\/types\/post"}],"author":[{"embeddable":true,"href":"https:\/\/archive.sana.sy\/es\/index.php?rest_route=\/wp\/v2\/users\/36"}],"replies":[{"embeddable":true,"href":"https:\/\/archive.sana.sy\/es\/index.php?rest_route=%2Fwp%2Fv2%2Fcomments&post=133658"}],"version-history":[{"count":0,"href":"https:\/\/archive.sana.sy\/es\/index.php?rest_route=\/wp\/v2\/posts\/133658\/revisions"}],"wp:featuredmedia":[{"embeddable":true,"href":"https:\/\/archive.sana.sy\/es\/index.php?rest_route=\/wp\/v2\/media\/133659"}],"wp:attachment":[{"href":"https:\/\/archive.sana.sy\/es\/index.php?rest_route=%2Fwp%2Fv2%2Fmedia&parent=133658"}],"wp:term":[{"taxonomy":"category","embeddable":true,"href":"https:\/\/archive.sana.sy\/es\/index.php?rest_route=%2Fwp%2Fv2%2Fcategories&post=133658"},{"taxonomy":"post_tag","embeddable":true,"href":"https:\/\/archive.sana.sy\/es\/index.php?rest_route=%2Fwp%2Fv2%2Ftags&post=133658"}],"curies":[{"name":"wp","href":"https:\/\/api.w.org\/{rel}","templated":true}]}}