{"id":133666,"date":"2020-03-06T20:51:55","date_gmt":"2020-03-06T18:51:55","guid":{"rendered":"http:\/\/sana.sy\/es\/?p=133666"},"modified":"2020-03-06T23:06:10","modified_gmt":"2020-03-06T21:06:10","slug":"una-conversacion-telefonica-entre-el-presidente-al-assad-y-putin-sobre-la-situacion-en-siria","status":"publish","type":"post","link":"https:\/\/archive.sana.sy\/es\/?p=133666","title":{"rendered":"Los presidentes Bashar Al Assad y Vladimir Putin abordan la evoluci\u00f3n de la situaci\u00f3n en Siria"},"content":{"rendered":"<p><span style=\"color: #800000;\">Damasco, SANA<\/span><\/p>\n<p style=\"text-align: justify;\">Los presidentes de Siria, Bashar Al Assad y de Rusia, Vladimir Putin, sostuvieron este viernes una conversaci\u00f3n telef\u00f3nica en la que abordaron la evoluci\u00f3n de la situaci\u00f3n siria.<\/p>\n<p style=\"text-align: justify;\">Putin felicit\u00f3 al presidente Al-Assad por los recientes logros conseguidos por el Ej\u00e9rcito sirio en las \u00faltimas batallas contra el terrorismo en la provincia Idleb.<\/p>\n<p style=\"text-align: justify;\">Asimismo, el presidente Putin inform\u00f3 a su hom\u00f3logo sirio sobre los resultados alcanzados en la reuni\u00f3n con la parte turca en Mosc\u00fa, el 5 de marzo.<\/p>\n<p style=\"text-align: justify;\">Por su parte, el presidente Al-Assad expres\u00f3 su satisfacci\u00f3n por los logros de la direcci\u00f3n rusa durante la reuni\u00f3n con los turcos en Mosc\u00fa, y por las repercusiones positivas que podr\u00edan tener sobre el pueblo sirio a nivel humanitario, social y econ\u00f3mico, en caso que la parte turca cumpla lo acordado.<\/p>\n<p style=\"text-align: justify;\">Adem\u00e1s, las dos partes confirmaron que los acuerdos alcanzados forman parte de los esfuerzos encaminados para preservar la soberan\u00eda e integridad territorial de Siria, y podr\u00edan contribuir a propiciar crear una atm\u00f3sfera adecuada para el relanzamiento del proceso pol\u00edtico.<\/p>\n<p>M.M\/ FM<\/p>\n","protected":false},"excerpt":{"rendered":"<p>Damasco, SANA Los presidentes de Siria, Bashar Al Assad y de Rusia, Vladimir Putin, sostuvieron este viernes una conversaci\u00f3n telef\u00f3nica en la que abordaron la evoluci\u00f3n de la situaci\u00f3n siria. Putin felicit\u00f3 al presidente Al-Assad por los recientes logros conseguidos por el Ej\u00e9rcito sirio en las \u00faltimas batallas contra el terrorismo en la provincia Idleb. &hellip;<\/p>\n","protected":false},"author":36,"featured_media":133667,"comment_status":"closed","ping_status":"closed","sticky":false,"template":"","format":"standard","meta":{"footnotes":""},"categories":[597,476,583],"tags":[],"class_list":["post-133666","post","type-post","status-publish","format-standard","has-post-thumbnail","","category-cinta-de-noticias","category-locales","category-slide"],"_links":{"self":[{"href":"https:\/\/archive.sana.sy\/es\/index.php?rest_route=\/wp\/v2\/posts\/133666"}],"collection":[{"href":"https:\/\/archive.sana.sy\/es\/index.php?rest_route=\/wp\/v2\/posts"}],"about":[{"href":"https:\/\/archive.sana.sy\/es\/index.php?rest_route=\/wp\/v2\/types\/post"}],"author":[{"embeddable":true,"href":"https:\/\/archive.sana.sy\/es\/index.php?rest_route=\/wp\/v2\/users\/36"}],"replies":[{"embeddable":true,"href":"https:\/\/archive.sana.sy\/es\/index.php?rest_route=%2Fwp%2Fv2%2Fcomments&post=133666"}],"version-history":[{"count":0,"href":"https:\/\/archive.sana.sy\/es\/index.php?rest_route=\/wp\/v2\/posts\/133666\/revisions"}],"wp:featuredmedia":[{"embeddable":true,"href":"https:\/\/archive.sana.sy\/es\/index.php?rest_route=\/wp\/v2\/media\/133667"}],"wp:attachment":[{"href":"https:\/\/archive.sana.sy\/es\/index.php?rest_route=%2Fwp%2Fv2%2Fmedia&parent=133666"}],"wp:term":[{"taxonomy":"category","embeddable":true,"href":"https:\/\/archive.sana.sy\/es\/index.php?rest_route=%2Fwp%2Fv2%2Fcategories&post=133666"},{"taxonomy":"post_tag","embeddable":true,"href":"https:\/\/archive.sana.sy\/es\/index.php?rest_route=%2Fwp%2Fv2%2Ftags&post=133666"}],"curies":[{"name":"wp","href":"https:\/\/api.w.org\/{rel}","templated":true}]}}