{"id":133673,"date":"2020-03-06T21:49:47","date_gmt":"2020-03-06T19:49:47","guid":{"rendered":"http:\/\/sana.sy\/es\/?p=133673"},"modified":"2020-03-07T09:01:29","modified_gmt":"2020-03-07T07:01:29","slug":"defensa-antiaerea-de-siria-derriba-dos-drones-cerca-de-la-ciudad-costera-de-jableh","status":"publish","type":"post","link":"https:\/\/archive.sana.sy\/es\/?p=133673","title":{"rendered":"Defensa antia\u00e9rea de Siria derriba dos drones cerca de la ciudad costera de Jableh"},"content":{"rendered":"<p><span style=\"color: #800000;\">Latakia, SANA<\/span><\/p>\n<p>Los sistemas de defensa antia\u00e9rea de Siria derribaron dos drones lanzados por efectivos terroristas, en los alrededores de la de la ciudad costera de Jableh.<\/p>\n<div>\n<p><span lang=\"ES-TRAD\">Seg\u00fan reportes del corresponsal de SANA, dos aviones no tripulados fueron lanzados desde zonas con presencia terrorista en la provincia de Idleb hacia la base a\u00e9rea de Hemeimem, y fueron derribados en las cercan\u00edas de la ciudad de Jableh por los sistemas de defensa antia\u00e9rea.<\/span><\/p>\n<p><span lang=\"ES-TRAD\">En los \u00faltimos meses, las defensas antia\u00e9reas sirias repelieron docenas de similares ataques de los grupos terroristas contra las \u00e1reas seguras y la base de Hemeimem en la provincia costera de Latakia.<\/span><\/p>\n<\/div>\n<p style=\"text-align: justify;\"><span style=\"color: #888888;\"><br \/>\n<\/span><strong><span style=\"color: #0000ff;\">M.M\/F.M\/W.S<\/span><\/strong><\/p>\n","protected":false},"excerpt":{"rendered":"<p>Latakia, SANA Los sistemas de defensa antia\u00e9rea de Siria derribaron dos drones lanzados por efectivos terroristas, en los alrededores de la de la ciudad costera de Jableh. Seg\u00fan reportes del corresponsal de SANA, dos aviones no tripulados fueron lanzados desde zonas con presencia terrorista en la provincia de Idleb hacia la base a\u00e9rea de Hemeimem, &hellip;<\/p>\n","protected":false},"author":36,"featured_media":133676,"comment_status":"closed","ping_status":"closed","sticky":false,"template":"","format":"standard","meta":{"footnotes":""},"categories":[597,573,7541],"tags":[17651],"class_list":["post-133673","post","type-post","status-publish","format-standard","has-post-thumbnail","","category-cinta-de-noticias","category-la-realidad-de-los-acontecimientos-en-siria","category-ultimas-noticias","tag-defensa-antiaerea-de-siria"],"_links":{"self":[{"href":"https:\/\/archive.sana.sy\/es\/index.php?rest_route=\/wp\/v2\/posts\/133673"}],"collection":[{"href":"https:\/\/archive.sana.sy\/es\/index.php?rest_route=\/wp\/v2\/posts"}],"about":[{"href":"https:\/\/archive.sana.sy\/es\/index.php?rest_route=\/wp\/v2\/types\/post"}],"author":[{"embeddable":true,"href":"https:\/\/archive.sana.sy\/es\/index.php?rest_route=\/wp\/v2\/users\/36"}],"replies":[{"embeddable":true,"href":"https:\/\/archive.sana.sy\/es\/index.php?rest_route=%2Fwp%2Fv2%2Fcomments&post=133673"}],"version-history":[{"count":0,"href":"https:\/\/archive.sana.sy\/es\/index.php?rest_route=\/wp\/v2\/posts\/133673\/revisions"}],"wp:featuredmedia":[{"embeddable":true,"href":"https:\/\/archive.sana.sy\/es\/index.php?rest_route=\/wp\/v2\/media\/133676"}],"wp:attachment":[{"href":"https:\/\/archive.sana.sy\/es\/index.php?rest_route=%2Fwp%2Fv2%2Fmedia&parent=133673"}],"wp:term":[{"taxonomy":"category","embeddable":true,"href":"https:\/\/archive.sana.sy\/es\/index.php?rest_route=%2Fwp%2Fv2%2Fcategories&post=133673"},{"taxonomy":"post_tag","embeddable":true,"href":"https:\/\/archive.sana.sy\/es\/index.php?rest_route=%2Fwp%2Fv2%2Ftags&post=133673"}],"curies":[{"name":"wp","href":"https:\/\/api.w.org\/{rel}","templated":true}]}}