{"id":133789,"date":"2020-03-08T15:08:28","date_gmt":"2020-03-08T13:08:28","guid":{"rendered":"http:\/\/sana.sy\/es\/?p=133789"},"modified":"2023-01-10T14:33:56","modified_gmt":"2023-01-10T12:33:56","slug":"morteros-y-municiones-dejadas-por-los-terroristas-derrotados-en-el-sur-de-idleb-fotos","status":"publish","type":"post","link":"https:\/\/archive.sana.sy\/es\/?p=133789","title":{"rendered":"Morteros y municiones dejadas por los terroristas derrotados en el sur de Idleb. (fotos)"},"content":{"rendered":"<p style=\"text-align: justify;\"><span style=\"color: #800000;\"><strong>Idleb, SANA<\/strong><\/span><\/p>\n<p style=\"text-align: justify;\">Las unidades del ej\u00e9rcito \u00e1rabe sirio hallaron durante sus operaciones de peinado, ca\u00f1ones de mortero y diferentes tipo de municiones, en el sur de la provincia de Idleb, 335 km al norte de la capital Damasco.<\/p>\n<p style=\"text-align: justify;\"><strong><span style=\"color: #0000ff;\">F.M<\/span><\/strong><\/p>\n<div id='gallery-1' class='gallery galleryid-133789 gallery-columns-1 gallery-size-full'><figure class='gallery-item'>\n\t\t\t<div class='gallery-icon landscape'>\n\t\t\t\t<a href='https:\/\/archive.sana.sy\/es\/wp-content\/uploads\/2020\/03\/14-16.jpg'><img loading=\"lazy\" decoding=\"async\" width=\"660\" height=\"390\" src=\"https:\/\/archive.sana.sy\/es\/wp-content\/uploads\/2020\/03\/14-16.jpg\" class=\"attachment-full size-full\" alt=\"\" srcset=\"https:\/\/archive.sana.sy\/es\/wp-content\/uploads\/2020\/03\/14-16.jpg 660w, https:\/\/archive.sana.sy\/es\/wp-content\/uploads\/2020\/03\/14-16-300x177.jpg 300w, https:\/\/archive.sana.sy\/es\/wp-content\/uploads\/2020\/03\/14-16-150x89.jpg 150w\" sizes=\"(max-width: 660px) 100vw, 660px\" \/><\/a>\n\t\t\t<\/div><\/figure><figure class='gallery-item'>\n\t\t\t<div class='gallery-icon landscape'>\n\t\t\t\t<a href='https:\/\/archive.sana.sy\/es\/wp-content\/uploads\/2020\/03\/12-29.jpg'><img loading=\"lazy\" decoding=\"async\" width=\"660\" height=\"379\" src=\"https:\/\/archive.sana.sy\/es\/wp-content\/uploads\/2020\/03\/12-29.jpg\" class=\"attachment-full size-full\" alt=\"\" srcset=\"https:\/\/archive.sana.sy\/es\/wp-content\/uploads\/2020\/03\/12-29.jpg 660w, https:\/\/archive.sana.sy\/es\/wp-content\/uploads\/2020\/03\/12-29-300x172.jpg 300w, https:\/\/archive.sana.sy\/es\/wp-content\/uploads\/2020\/03\/12-29-150x86.jpg 150w\" sizes=\"(max-width: 660px) 100vw, 660px\" \/><\/a>\n\t\t\t<\/div><\/figure><figure class='gallery-item'>\n\t\t\t<div class='gallery-icon landscape'>\n\t\t\t\t<a href='https:\/\/archive.sana.sy\/es\/wp-content\/uploads\/2020\/03\/11-33.jpg'><img loading=\"lazy\" decoding=\"async\" width=\"660\" height=\"435\" src=\"https:\/\/archive.sana.sy\/es\/wp-content\/uploads\/2020\/03\/11-33.jpg\" class=\"attachment-full size-full\" alt=\"\" srcset=\"https:\/\/archive.sana.sy\/es\/wp-content\/uploads\/2020\/03\/11-33.jpg 660w, https:\/\/archive.sana.sy\/es\/wp-content\/uploads\/2020\/03\/11-33-300x198.jpg 300w, https:\/\/archive.sana.sy\/es\/wp-content\/uploads\/2020\/03\/11-33-150x99.jpg 150w, https:\/\/archive.sana.sy\/es\/wp-content\/uploads\/2020\/03\/11-33-310x205.jpg 310w\" sizes=\"(max-width: 660px) 100vw, 660px\" \/><\/a>\n\t\t\t<\/div><\/figure><figure class='gallery-item'>\n\t\t\t<div class='gallery-icon landscape'>\n\t\t\t\t<a href='https:\/\/archive.sana.sy\/es\/wp-content\/uploads\/2020\/03\/10-26-660x330-1.jpg'><img loading=\"lazy\" decoding=\"async\" width=\"660\" height=\"330\" src=\"https:\/\/archive.sana.sy\/es\/wp-content\/uploads\/2020\/03\/10-26-660x330-1.jpg\" class=\"attachment-full size-full\" alt=\"\" srcset=\"https:\/\/archive.sana.sy\/es\/wp-content\/uploads\/2020\/03\/10-26-660x330-1.jpg 660w, https:\/\/archive.sana.sy\/es\/wp-content\/uploads\/2020\/03\/10-26-660x330-1-300x150.jpg 300w, https:\/\/archive.sana.sy\/es\/wp-content\/uploads\/2020\/03\/10-26-660x330-1-150x75.jpg 150w\" sizes=\"(max-width: 660px) 100vw, 660px\" \/><\/a>\n\t\t\t<\/div><\/figure>\n\t\t<\/div>\n\n","protected":false},"excerpt":{"rendered":"<p>Idleb, SANA Las unidades del ej\u00e9rcito \u00e1rabe sirio hallaron durante sus operaciones de peinado, ca\u00f1ones de mortero y diferentes tipo de municiones, en el sur de la provincia de Idleb, 335 km al norte de la capital Damasco. F.M<\/p>\n","protected":false},"author":34,"featured_media":133794,"comment_status":"closed","ping_status":"closed","sticky":false,"template":"","format":"standard","meta":{"footnotes":""},"categories":[477,447,597,573,476,7541],"tags":[],"class_list":["post-133789","post","type-post","status-publish","format-standard","has-post-thumbnail","","category-noticias-edulcorantes","category-local-politica","category-cinta-de-noticias","category-la-realidad-de-los-acontecimientos-en-siria","category-locales","category-ultimas-noticias"],"_links":{"self":[{"href":"https:\/\/archive.sana.sy\/es\/index.php?rest_route=\/wp\/v2\/posts\/133789"}],"collection":[{"href":"https:\/\/archive.sana.sy\/es\/index.php?rest_route=\/wp\/v2\/posts"}],"about":[{"href":"https:\/\/archive.sana.sy\/es\/index.php?rest_route=\/wp\/v2\/types\/post"}],"author":[{"embeddable":true,"href":"https:\/\/archive.sana.sy\/es\/index.php?rest_route=\/wp\/v2\/users\/34"}],"replies":[{"embeddable":true,"href":"https:\/\/archive.sana.sy\/es\/index.php?rest_route=%2Fwp%2Fv2%2Fcomments&post=133789"}],"version-history":[{"count":0,"href":"https:\/\/archive.sana.sy\/es\/index.php?rest_route=\/wp\/v2\/posts\/133789\/revisions"}],"wp:featuredmedia":[{"embeddable":true,"href":"https:\/\/archive.sana.sy\/es\/index.php?rest_route=\/wp\/v2\/media\/133794"}],"wp:attachment":[{"href":"https:\/\/archive.sana.sy\/es\/index.php?rest_route=%2Fwp%2Fv2%2Fmedia&parent=133789"}],"wp:term":[{"taxonomy":"category","embeddable":true,"href":"https:\/\/archive.sana.sy\/es\/index.php?rest_route=%2Fwp%2Fv2%2Fcategories&post=133789"},{"taxonomy":"post_tag","embeddable":true,"href":"https:\/\/archive.sana.sy\/es\/index.php?rest_route=%2Fwp%2Fv2%2Ftags&post=133789"}],"curies":[{"name":"wp","href":"https:\/\/api.w.org\/{rel}","templated":true}]}}