{"id":133998,"date":"2020-03-10T13:12:43","date_gmt":"2020-03-10T11:12:43","guid":{"rendered":"http:\/\/sana.sy\/es\/?p=133998"},"modified":"2020-03-10T13:12:43","modified_gmt":"2020-03-10T11:12:43","slug":"mueren-tres-civiles-por-explosion-de-una-mina-remanente-de-terroristas-en-hama","status":"publish","type":"post","link":"https:\/\/archive.sana.sy\/es\/?p=133998","title":{"rendered":"Mueren tres civiles por explosi\u00f3n de una mina remanente de terroristas en Hama"},"content":{"rendered":"<p style=\"text-align: justify;\"><strong><span style=\"color: #800000;\">Hama, SANA<\/span><\/strong><\/p>\n<p style=\"text-align: justify;\">Tres civiles perdieron la vida\u00a0\u00a0por el estallido de una mina remanente de las agrupaciones terroristas en la ciudad de Mork, en el norte de la provincia central de Hama, ubicada a 310 km al norte de la capital Damasco.<\/p>\n<p style=\"text-align: justify;\">Seg\u00fan report\u00f3 el corresponsal de SANA, la mina explot\u00f3 en una tierra agr\u00edcola.<\/p>\n<p style=\"text-align: justify;\">En la v\u00edspera, un ni\u00f1o fue lesionado por de la detonaci\u00f3n de una mina dejada por los terroristas en la regi\u00f3n de Ghouta Oriental, al este de Damasco.<\/p>\n<p style=\"text-align: justify;\">Semejantes incidentes son muy frecuentes en las zonas que estaban bajo dominio de los radicales que colocaban bombas y minas antes de su derrota a manos del ej\u00e9rcito.<\/p>\n<p style=\"text-align: justify;\"><strong><span style=\"color: #0000ff;\">F.M\/\u00a0 E.D<\/span><\/strong><\/p>\n","protected":false},"excerpt":{"rendered":"<p>Hama, SANA Tres civiles perdieron la vida\u00a0\u00a0por el estallido de una mina remanente de las agrupaciones terroristas en la ciudad de Mork, en el norte de la provincia central de Hama, ubicada a 310 km al norte de la capital Damasco. Seg\u00fan report\u00f3 el corresponsal de SANA, la mina explot\u00f3 en una tierra agr\u00edcola. En &hellip;<\/p>\n","protected":false},"author":32,"featured_media":133999,"comment_status":"closed","ping_status":"closed","sticky":false,"template":"","format":"standard","meta":{"footnotes":""},"categories":[597,573,476,7541],"tags":[],"class_list":["post-133998","post","type-post","status-publish","format-standard","has-post-thumbnail","","category-cinta-de-noticias","category-la-realidad-de-los-acontecimientos-en-siria","category-locales","category-ultimas-noticias"],"_links":{"self":[{"href":"https:\/\/archive.sana.sy\/es\/index.php?rest_route=\/wp\/v2\/posts\/133998"}],"collection":[{"href":"https:\/\/archive.sana.sy\/es\/index.php?rest_route=\/wp\/v2\/posts"}],"about":[{"href":"https:\/\/archive.sana.sy\/es\/index.php?rest_route=\/wp\/v2\/types\/post"}],"author":[{"embeddable":true,"href":"https:\/\/archive.sana.sy\/es\/index.php?rest_route=\/wp\/v2\/users\/32"}],"replies":[{"embeddable":true,"href":"https:\/\/archive.sana.sy\/es\/index.php?rest_route=%2Fwp%2Fv2%2Fcomments&post=133998"}],"version-history":[{"count":0,"href":"https:\/\/archive.sana.sy\/es\/index.php?rest_route=\/wp\/v2\/posts\/133998\/revisions"}],"wp:featuredmedia":[{"embeddable":true,"href":"https:\/\/archive.sana.sy\/es\/index.php?rest_route=\/wp\/v2\/media\/133999"}],"wp:attachment":[{"href":"https:\/\/archive.sana.sy\/es\/index.php?rest_route=%2Fwp%2Fv2%2Fmedia&parent=133998"}],"wp:term":[{"taxonomy":"category","embeddable":true,"href":"https:\/\/archive.sana.sy\/es\/index.php?rest_route=%2Fwp%2Fv2%2Fcategories&post=133998"},{"taxonomy":"post_tag","embeddable":true,"href":"https:\/\/archive.sana.sy\/es\/index.php?rest_route=%2Fwp%2Fv2%2Ftags&post=133998"}],"curies":[{"name":"wp","href":"https:\/\/api.w.org\/{rel}","templated":true}]}}