{"id":134004,"date":"2020-03-10T14:45:41","date_gmt":"2020-03-10T12:45:41","guid":{"rendered":"http:\/\/sana.sy\/es\/?p=134004"},"modified":"2023-01-10T14:33:54","modified_gmt":"2023-01-10T12:33:54","slug":"ejercito-entra-en-sedes-y-plantas-de-terroristas-para-fabricar-armas-y-municiones-en-el-oeste-de-alepo","status":"publish","type":"post","link":"https:\/\/archive.sana.sy\/es\/?p=134004","title":{"rendered":"Ej\u00e9rcito entra en sedes y plantas de terroristas para fabricar armas y municiones en el oeste de Alepo"},"content":{"rendered":"<p style=\"text-align: justify\"><strong><span style=\"color: #800000\">Alepo, SANA<\/span><\/strong><\/p>\n<p style=\"text-align: justify\">El ej\u00e9rcito sirio entr\u00f3 hoy en sedes y plantas para fabricar municiones y armas de las agrupaciones terroristas en las localidades de Kafernaha, Uejel y Anjara, en el oeste de la provincia de Alepo, 355 km al norte de Damasco.<\/p>\n<p style=\"text-align: justify\">En este contexto, una fuente militar inform\u00f3 que los uniformados sirios hallaron dos talleres para la fabricaci\u00f3n de municiones y diferentes tipos de proyectiles, incluidos los morteros en una instalaci\u00f3n que antes produc\u00eda estufas en la localidad de Kafarnaha. Asimismo, encontraron misiles, sustancias explosivas, adem\u00e1s de cohetes de 40 kg de peso cada uno, y peque\u00f1os proyectiles de mortero en un antiguo taller de textiles en la localidad de Uejel.<\/p>\n<p style=\"text-align: justify\">En la localidad de Anyara, la fuente agreg\u00f3 que el ej\u00e9rcito encontr\u00f3 una sede de grupos terroristas construida dentro de un monte rocoso.<\/p>\n<p style=\"text-align: justify\">En este centro, las unidades castrenses confiscaron una variedad de proyectiles y granadas caseras, sustancias qu\u00edmicas y t\u00f3xicas almacenadas en barriles pl\u00e1sticos que iban a ser utilizadas por los llamados \u201cCascos Blancos\u201d, adem\u00e1s de carn\u00e9s de identidad de los terroristas, y documentos que abarcan ordenes de ejecuci\u00f3n dictados por el cabecilla saudita Abdullah al-Muhaiseni.<\/p>\n<p style=\"text-align: justify\">Cabe se\u00f1alar que el Ej\u00e9rcito encontr\u00f3 en la v\u00edspera una de las principales sedes del cabecilla de la organizaci\u00f3n terrorista del Frente de al-Nousra, el llamado \u201cAbu Mohamad al-Golani\u201d en la zona de Anyara a 15 km l oeste de la ciudad de Alepo.<\/p>\n<p style=\"text-align: justify\"><span style=\"color: #0000ff\"><strong>F.M\/l.a.<\/strong><\/span><\/p>\n<div id='gallery-1' class='gallery galleryid-134004 gallery-columns-1 gallery-size-full'><figure class='gallery-item'>\n\t\t\t<div class='gallery-icon landscape'>\n\t\t\t\t<a href='https:\/\/archive.sana.sy\/es\/wp-content\/uploads\/2020\/03\/12-39-660x330-1.jpg'><img loading=\"lazy\" decoding=\"async\" width=\"660\" height=\"330\" src=\"https:\/\/archive.sana.sy\/es\/wp-content\/uploads\/2020\/03\/12-39-660x330-1.jpg\" class=\"attachment-full size-full\" alt=\"\" srcset=\"https:\/\/archive.sana.sy\/es\/wp-content\/uploads\/2020\/03\/12-39-660x330-1.jpg 660w, https:\/\/archive.sana.sy\/es\/wp-content\/uploads\/2020\/03\/12-39-660x330-1-300x150.jpg 300w, https:\/\/archive.sana.sy\/es\/wp-content\/uploads\/2020\/03\/12-39-660x330-1-150x75.jpg 150w\" sizes=\"(max-width: 660px) 100vw, 660px\" \/><\/a>\n\t\t\t<\/div><\/figure><figure class='gallery-item'>\n\t\t\t<div class='gallery-icon landscape'>\n\t\t\t\t<a href='https:\/\/archive.sana.sy\/es\/wp-content\/uploads\/2020\/03\/11-50.jpg'><img loading=\"lazy\" decoding=\"async\" width=\"660\" height=\"371\" src=\"https:\/\/archive.sana.sy\/es\/wp-content\/uploads\/2020\/03\/11-50.jpg\" class=\"attachment-full size-full\" alt=\"\" srcset=\"https:\/\/archive.sana.sy\/es\/wp-content\/uploads\/2020\/03\/11-50.jpg 660w, https:\/\/archive.sana.sy\/es\/wp-content\/uploads\/2020\/03\/11-50-300x169.jpg 300w, https:\/\/archive.sana.sy\/es\/wp-content\/uploads\/2020\/03\/11-50-150x84.jpg 150w\" sizes=\"(max-width: 660px) 100vw, 660px\" \/><\/a>\n\t\t\t<\/div><\/figure><figure class='gallery-item'>\n\t\t\t<div class='gallery-icon landscape'>\n\t\t\t\t<a href='https:\/\/archive.sana.sy\/es\/wp-content\/uploads\/2020\/03\/2-105.jpg'><img loading=\"lazy\" decoding=\"async\" width=\"660\" height=\"371\" src=\"https:\/\/archive.sana.sy\/es\/wp-content\/uploads\/2020\/03\/2-105.jpg\" class=\"attachment-full size-full\" alt=\"\" srcset=\"https:\/\/archive.sana.sy\/es\/wp-content\/uploads\/2020\/03\/2-105.jpg 660w, https:\/\/archive.sana.sy\/es\/wp-content\/uploads\/2020\/03\/2-105-300x169.jpg 300w, https:\/\/archive.sana.sy\/es\/wp-content\/uploads\/2020\/03\/2-105-150x84.jpg 150w\" sizes=\"(max-width: 660px) 100vw, 660px\" \/><\/a>\n\t\t\t<\/div><\/figure><figure class='gallery-item'>\n\t\t\t<div class='gallery-icon landscape'>\n\t\t\t\t<a href='https:\/\/archive.sana.sy\/es\/wp-content\/uploads\/2020\/03\/6-50.jpg'><img loading=\"lazy\" decoding=\"async\" width=\"660\" height=\"371\" src=\"https:\/\/archive.sana.sy\/es\/wp-content\/uploads\/2020\/03\/6-50.jpg\" class=\"attachment-full size-full\" alt=\"\" srcset=\"https:\/\/archive.sana.sy\/es\/wp-content\/uploads\/2020\/03\/6-50.jpg 660w, https:\/\/archive.sana.sy\/es\/wp-content\/uploads\/2020\/03\/6-50-300x169.jpg 300w, https:\/\/archive.sana.sy\/es\/wp-content\/uploads\/2020\/03\/6-50-150x84.jpg 150w\" sizes=\"(max-width: 660px) 100vw, 660px\" \/><\/a>\n\t\t\t<\/div><\/figure><figure class='gallery-item'>\n\t\t\t<div class='gallery-icon landscape'>\n\t\t\t\t<a href='https:\/\/archive.sana.sy\/es\/wp-content\/uploads\/2020\/03\/7-48.jpg'><img loading=\"lazy\" decoding=\"async\" width=\"660\" height=\"371\" src=\"https:\/\/archive.sana.sy\/es\/wp-content\/uploads\/2020\/03\/7-48.jpg\" class=\"attachment-full size-full\" alt=\"\" srcset=\"https:\/\/archive.sana.sy\/es\/wp-content\/uploads\/2020\/03\/7-48.jpg 660w, https:\/\/archive.sana.sy\/es\/wp-content\/uploads\/2020\/03\/7-48-300x169.jpg 300w, https:\/\/archive.sana.sy\/es\/wp-content\/uploads\/2020\/03\/7-48-150x84.jpg 150w\" sizes=\"(max-width: 660px) 100vw, 660px\" \/><\/a>\n\t\t\t<\/div><\/figure><figure class='gallery-item'>\n\t\t\t<div class='gallery-icon landscape'>\n\t\t\t\t<a href='https:\/\/archive.sana.sy\/es\/wp-content\/uploads\/2020\/03\/8-51.jpg'><img loading=\"lazy\" decoding=\"async\" width=\"660\" height=\"371\" src=\"https:\/\/archive.sana.sy\/es\/wp-content\/uploads\/2020\/03\/8-51.jpg\" class=\"attachment-full size-full\" alt=\"\" srcset=\"https:\/\/archive.sana.sy\/es\/wp-content\/uploads\/2020\/03\/8-51.jpg 660w, https:\/\/archive.sana.sy\/es\/wp-content\/uploads\/2020\/03\/8-51-300x169.jpg 300w, https:\/\/archive.sana.sy\/es\/wp-content\/uploads\/2020\/03\/8-51-150x84.jpg 150w\" sizes=\"(max-width: 660px) 100vw, 660px\" \/><\/a>\n\t\t\t<\/div><\/figure><figure class='gallery-item'>\n\t\t\t<div class='gallery-icon landscape'>\n\t\t\t\t<a href='https:\/\/archive.sana.sy\/es\/wp-content\/uploads\/2020\/03\/10-39.jpg'><img loading=\"lazy\" decoding=\"async\" width=\"660\" height=\"371\" src=\"https:\/\/archive.sana.sy\/es\/wp-content\/uploads\/2020\/03\/10-39.jpg\" class=\"attachment-full size-full\" alt=\"\" srcset=\"https:\/\/archive.sana.sy\/es\/wp-content\/uploads\/2020\/03\/10-39.jpg 660w, https:\/\/archive.sana.sy\/es\/wp-content\/uploads\/2020\/03\/10-39-300x169.jpg 300w, https:\/\/archive.sana.sy\/es\/wp-content\/uploads\/2020\/03\/10-39-150x84.jpg 150w\" sizes=\"(max-width: 660px) 100vw, 660px\" \/><\/a>\n\t\t\t<\/div><\/figure>\n\t\t<\/div>\n\n","protected":false},"excerpt":{"rendered":"<p>Alepo, SANA El ej\u00e9rcito sirio entr\u00f3 hoy en sedes y plantas para fabricar municiones y armas de las agrupaciones terroristas en las localidades de Kafernaha, Uejel y Anjara, en el oeste de la provincia de Alepo, 355 km al norte de Damasco. En este contexto, una fuente militar inform\u00f3 que los uniformados sirios hallaron dos &hellip;<\/p>\n","protected":false},"author":34,"featured_media":134011,"comment_status":"closed","ping_status":"closed","sticky":false,"template":"","format":"standard","meta":{"footnotes":""},"categories":[477,447,597,573,476,583],"tags":[],"class_list":["post-134004","post","type-post","status-publish","format-standard","has-post-thumbnail","","category-noticias-edulcorantes","category-local-politica","category-cinta-de-noticias","category-la-realidad-de-los-acontecimientos-en-siria","category-locales","category-slide"],"_links":{"self":[{"href":"https:\/\/archive.sana.sy\/es\/index.php?rest_route=\/wp\/v2\/posts\/134004"}],"collection":[{"href":"https:\/\/archive.sana.sy\/es\/index.php?rest_route=\/wp\/v2\/posts"}],"about":[{"href":"https:\/\/archive.sana.sy\/es\/index.php?rest_route=\/wp\/v2\/types\/post"}],"author":[{"embeddable":true,"href":"https:\/\/archive.sana.sy\/es\/index.php?rest_route=\/wp\/v2\/users\/34"}],"replies":[{"embeddable":true,"href":"https:\/\/archive.sana.sy\/es\/index.php?rest_route=%2Fwp%2Fv2%2Fcomments&post=134004"}],"version-history":[{"count":0,"href":"https:\/\/archive.sana.sy\/es\/index.php?rest_route=\/wp\/v2\/posts\/134004\/revisions"}],"wp:featuredmedia":[{"embeddable":true,"href":"https:\/\/archive.sana.sy\/es\/index.php?rest_route=\/wp\/v2\/media\/134011"}],"wp:attachment":[{"href":"https:\/\/archive.sana.sy\/es\/index.php?rest_route=%2Fwp%2Fv2%2Fmedia&parent=134004"}],"wp:term":[{"taxonomy":"category","embeddable":true,"href":"https:\/\/archive.sana.sy\/es\/index.php?rest_route=%2Fwp%2Fv2%2Fcategories&post=134004"},{"taxonomy":"post_tag","embeddable":true,"href":"https:\/\/archive.sana.sy\/es\/index.php?rest_route=%2Fwp%2Fv2%2Ftags&post=134004"}],"curies":[{"name":"wp","href":"https:\/\/api.w.org\/{rel}","templated":true}]}}