{"id":134013,"date":"2020-03-10T15:13:08","date_gmt":"2020-03-10T13:13:08","guid":{"rendered":"http:\/\/sana.sy\/es\/?p=134013"},"modified":"2023-01-10T14:33:54","modified_gmt":"2023-01-10T12:33:54","slug":"canciller-sirio-recibe-a-maurer-y-destaca-importancia-de-no-permitir-la-politizacion-que-los-proyectos-de-la-cicr","status":"publish","type":"post","link":"https:\/\/archive.sana.sy\/es\/?p=134013","title":{"rendered":"Canciller sirio recibe a Maurer y destaca importancia de no permitir la politizaci\u00f3n que los proyectos de la CICR"},"content":{"rendered":"<p style=\"text-align: justify;\"><span style=\"color: #800000;\"><strong>Damasco, SANA<\/strong><\/span><\/p>\n<p style=\"text-align: justify;\">El viceprimer ministro y ministro de Exteriores y Expatriados, Walid al-Moallem, recibi\u00f3 hoy en la sede de Canciller\u00eda, a Peter Maurer, presidente del Comit\u00e9 Internacional de la Cruz Roja (CICR) y la delegaci\u00f3n que lo acompa\u00f1a.<\/p>\n<p style=\"text-align: justify;\">Durante la reuni\u00f3n, se pas\u00f3 revista al papel positivo de la constante coordinaci\u00f3n entre Siria y la CICR, y la cooperaci\u00f3n con la Media Luna Roja \u00c1rabe Siria, lo cual contribuye a asegurar la prestaci\u00f3n de los servicios de la Cruz Roja a los diversos segmentos de la sociedad sirias afectados por la guerra terrorista y las medidas econ\u00f3micas injustas impuestas a Siria.<\/p>\n<p style=\"text-align: justify;\">El canciller resalt\u00f3 la confianza que se hab\u00eda construido en los \u00faltimos a\u00f1os entre las dos partes y ratific\u00f3 el compromiso de la parte siria de proporcionar todas las facilidades y el apoyo al trabajo del Comit\u00e9 Internacional de la Cruz Roja en el territorio sirio.<\/p>\n<p style=\"text-align: justify;\">Inst\u00f3 a la importancia de que la CICR cumpla con los principios de la acci\u00f3n humanitaria y no permitir que ninguna de las partes influya en su trabajo o politice algunos de sus proyectos y perjudique la relaci\u00f3n positiva que se construy\u00f3 con Siria durante los \u00faltimos a\u00f1os.<\/p>\n<p style=\"text-align: justify;\">Por su parte, Maurer expres\u00f3 el orgullo de su organizaci\u00f3n por la distinguida relaci\u00f3n que tiene con la Rep\u00fablica \u00c1rabe Siria y agradeci\u00f3 al gobierno sirio por el gran apoyo y las facilidades prestadas para el trabajo del equipo de la CICR en Siria.<\/p>\n<p style=\"text-align: justify;\"><img loading=\"lazy\" decoding=\"async\" class=\" wp-image-134014 alignleft\" src=\"http:\/\/sana.sy\/es\/wp-content\/uploads\/2020\/03\/13-25-300x206.jpg\" alt=\"\" width=\"254\" height=\"174\" srcset=\"https:\/\/archive.sana.sy\/es\/wp-content\/uploads\/2020\/03\/13-25-300x206.jpg 300w, https:\/\/archive.sana.sy\/es\/wp-content\/uploads\/2020\/03\/13-25-150x103.jpg 150w, https:\/\/archive.sana.sy\/es\/wp-content\/uploads\/2020\/03\/13-25-110x75.jpg 110w, https:\/\/archive.sana.sy\/es\/wp-content\/uploads\/2020\/03\/13-25.jpg 660w\" sizes=\"(max-width: 254px) 100vw, 254px\" \/>Por su parte, el vicecanciller sirio Faisal Mekdad, recibi\u00f3 al presidente del CICR, y le expres\u00f3 el agradecimiento por los esfuerzos del CICR en el campo humanitario en Siria.<\/p>\n<p style=\"text-align: justify;\">Llam\u00f3 a la necesidad de que las organizaciones internacionales que operan en Siria, incluido el Comit\u00e9 Internacional de la Cruz Roja, presten mucha atenci\u00f3n a las \u00e1reas recientemente liberadas por el Ej\u00e9rcito \u00c1rabe Sirio y sus aliados en las provincias de Idleb, Alepo y Hama.<\/p>\n<p style=\"text-align: justify;\"><span style=\"color: #0000ff;\"><strong>F.M<\/strong><\/span><\/p>\n","protected":false},"excerpt":{"rendered":"<p>Damasco, SANA El viceprimer ministro y ministro de Exteriores y Expatriados, Walid al-Moallem, recibi\u00f3 hoy en la sede de Canciller\u00eda, a Peter Maurer, presidente del Comit\u00e9 Internacional de la Cruz Roja (CICR) y la delegaci\u00f3n que lo acompa\u00f1a. Durante la reuni\u00f3n, se pas\u00f3 revista al papel positivo de la constante coordinaci\u00f3n entre Siria y la &hellip;<\/p>\n","protected":false},"author":34,"featured_media":134015,"comment_status":"closed","ping_status":"closed","sticky":false,"template":"","format":"standard","meta":{"footnotes":""},"categories":[477,447,597,476,7541],"tags":[],"class_list":["post-134013","post","type-post","status-publish","format-standard","has-post-thumbnail","","category-noticias-edulcorantes","category-local-politica","category-cinta-de-noticias","category-locales","category-ultimas-noticias"],"_links":{"self":[{"href":"https:\/\/archive.sana.sy\/es\/index.php?rest_route=\/wp\/v2\/posts\/134013"}],"collection":[{"href":"https:\/\/archive.sana.sy\/es\/index.php?rest_route=\/wp\/v2\/posts"}],"about":[{"href":"https:\/\/archive.sana.sy\/es\/index.php?rest_route=\/wp\/v2\/types\/post"}],"author":[{"embeddable":true,"href":"https:\/\/archive.sana.sy\/es\/index.php?rest_route=\/wp\/v2\/users\/34"}],"replies":[{"embeddable":true,"href":"https:\/\/archive.sana.sy\/es\/index.php?rest_route=%2Fwp%2Fv2%2Fcomments&post=134013"}],"version-history":[{"count":0,"href":"https:\/\/archive.sana.sy\/es\/index.php?rest_route=\/wp\/v2\/posts\/134013\/revisions"}],"wp:featuredmedia":[{"embeddable":true,"href":"https:\/\/archive.sana.sy\/es\/index.php?rest_route=\/wp\/v2\/media\/134015"}],"wp:attachment":[{"href":"https:\/\/archive.sana.sy\/es\/index.php?rest_route=%2Fwp%2Fv2%2Fmedia&parent=134013"}],"wp:term":[{"taxonomy":"category","embeddable":true,"href":"https:\/\/archive.sana.sy\/es\/index.php?rest_route=%2Fwp%2Fv2%2Fcategories&post=134013"},{"taxonomy":"post_tag","embeddable":true,"href":"https:\/\/archive.sana.sy\/es\/index.php?rest_route=%2Fwp%2Fv2%2Ftags&post=134013"}],"curies":[{"name":"wp","href":"https:\/\/api.w.org\/{rel}","templated":true}]}}