{"id":134021,"date":"2020-03-10T15:36:21","date_gmt":"2020-03-10T13:36:21","guid":{"rendered":"http:\/\/sana.sy\/es\/?p=134021"},"modified":"2023-01-10T14:33:54","modified_gmt":"2023-01-10T12:33:54","slug":"anuncia-kazajistan-posible-aplazamiento-de-nueva-ronda-de-conversaciones-de-astana-sobre-siria","status":"publish","type":"post","link":"https:\/\/archive.sana.sy\/es\/?p=134021","title":{"rendered":"Anuncia Kazajist\u00e1n posible aplazamiento de nueva ronda de conversaciones de Astan\u00e1 sobre Siria"},"content":{"rendered":"<p style=\"text-align: justify;\"><span style=\"color: #800000;\"><strong>Nursultan, SANA<\/strong><\/span><\/p>\n<p style=\"text-align: justify;\">El ministro de Exteriores de Kazajst\u00e1n, Mukhtar Tileuberdi, anunci\u00f3 hoy que podr\u00eda retrasarse la celebraci\u00f3n de una nueva ronda de conversaciones de Astan\u00e1 sobre Siria.<\/p>\n<p style=\"text-align: justify;\">Tileuberdi dijo que despu\u00e9s de concluir la reuni\u00f3n anterior en diciembre pasado, se hizo una propuesta para celebrar una segunda en marzo, pero la situaci\u00f3n ha cambiado ahora, y es muy posible que se suspenda.<\/p>\n<p style=\"text-align: justify;\">La decimocuarta ronda de conversaciones de Astan\u00e1 se celebr\u00f3 en Nursultan del 10 al 11 de diciembre pasado y, al concluir, los estados garantes del proceso de Astan\u00e1 ratificaron su adhesi\u00f3n a la soberan\u00eda e integridad territorial de Siria.<\/p>\n<p style=\"text-align: justify;\">Asimismo, reiteraron la cooperaci\u00f3n continua hasta eliminar las organizaciones terroristas en el pa\u00eds y su rechazo a las agendas separatistas que apuntan a socavar la soberan\u00eda e integridad territorial de Siria.<\/p>\n<p style=\"text-align: justify;\"><span style=\"color: #0000ff;\"><strong>E.D\/F.M<\/strong><\/span><\/p>\n","protected":false},"excerpt":{"rendered":"<p>Nursultan, SANA El ministro de Exteriores de Kazajst\u00e1n, Mukhtar Tileuberdi, anunci\u00f3 hoy que podr\u00eda retrasarse la celebraci\u00f3n de una nueva ronda de conversaciones de Astan\u00e1 sobre Siria. Tileuberdi dijo que despu\u00e9s de concluir la reuni\u00f3n anterior en diciembre pasado, se hizo una propuesta para celebrar una segunda en marzo, pero la situaci\u00f3n ha cambiado ahora, &hellip;<\/p>\n","protected":false},"author":34,"featured_media":134022,"comment_status":"closed","ping_status":"closed","sticky":false,"template":"","format":"standard","meta":{"footnotes":""},"categories":[447,477,597,476,457,7541],"tags":[],"class_list":["post-134021","post","type-post","status-publish","format-standard","has-post-thumbnail","","category-local-politica","category-noticias-edulcorantes","category-cinta-de-noticias","category-locales","category-noticias-arabe-internacional-politica","category-ultimas-noticias"],"_links":{"self":[{"href":"https:\/\/archive.sana.sy\/es\/index.php?rest_route=\/wp\/v2\/posts\/134021"}],"collection":[{"href":"https:\/\/archive.sana.sy\/es\/index.php?rest_route=\/wp\/v2\/posts"}],"about":[{"href":"https:\/\/archive.sana.sy\/es\/index.php?rest_route=\/wp\/v2\/types\/post"}],"author":[{"embeddable":true,"href":"https:\/\/archive.sana.sy\/es\/index.php?rest_route=\/wp\/v2\/users\/34"}],"replies":[{"embeddable":true,"href":"https:\/\/archive.sana.sy\/es\/index.php?rest_route=%2Fwp%2Fv2%2Fcomments&post=134021"}],"version-history":[{"count":0,"href":"https:\/\/archive.sana.sy\/es\/index.php?rest_route=\/wp\/v2\/posts\/134021\/revisions"}],"wp:featuredmedia":[{"embeddable":true,"href":"https:\/\/archive.sana.sy\/es\/index.php?rest_route=\/wp\/v2\/media\/134022"}],"wp:attachment":[{"href":"https:\/\/archive.sana.sy\/es\/index.php?rest_route=%2Fwp%2Fv2%2Fmedia&parent=134021"}],"wp:term":[{"taxonomy":"category","embeddable":true,"href":"https:\/\/archive.sana.sy\/es\/index.php?rest_route=%2Fwp%2Fv2%2Fcategories&post=134021"},{"taxonomy":"post_tag","embeddable":true,"href":"https:\/\/archive.sana.sy\/es\/index.php?rest_route=%2Fwp%2Fv2%2Ftags&post=134021"}],"curies":[{"name":"wp","href":"https:\/\/api.w.org\/{rel}","templated":true}]}}