{"id":134067,"date":"2020-03-11T06:49:40","date_gmt":"2020-03-11T04:49:40","guid":{"rendered":"http:\/\/sana.sy\/es\/?p=134067"},"modified":"2023-01-10T14:33:53","modified_gmt":"2023-01-10T12:33:53","slug":"asciende-a-mas-de-6300-las-solicitudes-de-candidatura-al-consejo-del-pueblo-hasta-la-fecha","status":"publish","type":"post","link":"https:\/\/archive.sana.sy\/es\/?p=134067","title":{"rendered":"Asciende a m\u00e1s de 6300 las solicitudes de candidatura al Consejo del Pueblo hasta la fecha"},"content":{"rendered":"<p style=\"text-align: justify;\"><strong><span style=\"color: #800000;\">Damasco, SANA<\/span><\/strong><\/p>\n<p style=\"text-align: justify;\">La Suprema Comisi\u00f3n Judicial Electoral declar\u00f3 que el n\u00famero de solicitudes a la candidatura de las elecciones de la Asamblea del Pueblo (Parlamento) ascendi\u00f3 a 6390 en las diferentes provincias.<\/p>\n<p style=\"text-align: justify;\">El miembro de la Comisi\u00f3n, Nouri Fares, declar\u00f3 que hoy jueves es el \u00faltimo d\u00eda de recibir solicitudes.<br \/>\nLa Comisi\u00f3n Electoral anunci\u00f3 el 5 del mes en curso que comenzar\u00e1 a recibir solicitudes de candidatura para las elecciones de la Asamblea del Pueblo.<\/p>\n<p style=\"text-align: justify;\">El presidente Bashar al-Assad, emiti\u00f3 el 3 del mes en curso el decreto No. 76 del 2020 que fija el 13 de abril pr\u00f3ximo como fecha para las elecciones de la Asamblea del Pueblo (parlamento), para tercera legislatura.<\/p>\n<p style=\"text-align: justify;\">Unos 250 diputados ser\u00e1n elegidos, de los cuales 127 representar\u00e1n a los trabajadores y campesinos.<\/p>\n<p style=\"text-align: justify;\"><span style=\"color: #0000ff;\"><strong>F.M<\/strong><\/span><\/p>\n","protected":false},"excerpt":{"rendered":"<p>Damasco, SANA La Suprema Comisi\u00f3n Judicial Electoral declar\u00f3 que el n\u00famero de solicitudes a la candidatura de las elecciones de la Asamblea del Pueblo (Parlamento) ascendi\u00f3 a 6390 en las diferentes provincias. El miembro de la Comisi\u00f3n, Nouri Fares, declar\u00f3 que hoy jueves es el \u00faltimo d\u00eda de recibir solicitudes. La Comisi\u00f3n Electoral anunci\u00f3 el &hellip;<\/p>\n","protected":false},"author":34,"featured_media":134068,"comment_status":"closed","ping_status":"closed","sticky":false,"template":"","format":"standard","meta":{"footnotes":""},"categories":[447,597,476],"tags":[],"class_list":["post-134067","post","type-post","status-publish","format-standard","has-post-thumbnail","","category-local-politica","category-cinta-de-noticias","category-locales"],"_links":{"self":[{"href":"https:\/\/archive.sana.sy\/es\/index.php?rest_route=\/wp\/v2\/posts\/134067"}],"collection":[{"href":"https:\/\/archive.sana.sy\/es\/index.php?rest_route=\/wp\/v2\/posts"}],"about":[{"href":"https:\/\/archive.sana.sy\/es\/index.php?rest_route=\/wp\/v2\/types\/post"}],"author":[{"embeddable":true,"href":"https:\/\/archive.sana.sy\/es\/index.php?rest_route=\/wp\/v2\/users\/34"}],"replies":[{"embeddable":true,"href":"https:\/\/archive.sana.sy\/es\/index.php?rest_route=%2Fwp%2Fv2%2Fcomments&post=134067"}],"version-history":[{"count":0,"href":"https:\/\/archive.sana.sy\/es\/index.php?rest_route=\/wp\/v2\/posts\/134067\/revisions"}],"wp:featuredmedia":[{"embeddable":true,"href":"https:\/\/archive.sana.sy\/es\/index.php?rest_route=\/wp\/v2\/media\/134068"}],"wp:attachment":[{"href":"https:\/\/archive.sana.sy\/es\/index.php?rest_route=%2Fwp%2Fv2%2Fmedia&parent=134067"}],"wp:term":[{"taxonomy":"category","embeddable":true,"href":"https:\/\/archive.sana.sy\/es\/index.php?rest_route=%2Fwp%2Fv2%2Fcategories&post=134067"},{"taxonomy":"post_tag","embeddable":true,"href":"https:\/\/archive.sana.sy\/es\/index.php?rest_route=%2Fwp%2Fv2%2Ftags&post=134067"}],"curies":[{"name":"wp","href":"https:\/\/api.w.org\/{rel}","templated":true}]}}