{"id":134087,"date":"2020-03-11T09:09:00","date_gmt":"2020-03-11T07:09:00","guid":{"rendered":"http:\/\/sana.sy\/es\/?p=134087"},"modified":"2020-03-11T13:43:25","modified_gmt":"2020-03-11T11:43:25","slug":"boletin-informativo-miercoles-11-de-marzo-del-2020","status":"publish","type":"post","link":"https:\/\/archive.sana.sy\/es\/?p=134087","title":{"rendered":"Bolet\u00edn Informativo ,mi\u00e9rcoles, 11 de Marzo del 2020"},"content":{"rendered":"<p style=\"text-align: justify;\"><strong><span style=\"color: #800000;\">Damasco,SANA<\/span><\/strong><\/p>\n<p style=\"text-align: justify;\"><strong>Les ofrecemos a continuaci\u00f3n, un resumen de las m\u00e1s destacadas noticias de Siria publicadas por nuestra agencia:<\/strong><\/p>\n<p style=\"text-align: justify;\"><strong><span style=\"color: #0000ff;\">Canciller sirio recibe a Maurer y destaca importancia de no permitir la politizaci\u00f3n que los proyectos de la CICR<\/span><\/strong><\/p>\n<p style=\"text-align: justify;\">El viceprimer ministro y ministro de Exteriores y Expatriados, Walid al-Moallem, recibi\u00f3 hoy en la sede de Canciller\u00eda, a Peter Maurer, presidente del Comit\u00e9 Internacional de la Cruz Roja (CICR) y la delegaci\u00f3n que lo acompa\u00f1a.<\/p>\n<p style=\"text-align: justify;\">Durante la reuni\u00f3n, se pas\u00f3 revista al papel positivo de la constante coordinaci\u00f3n entre Siria y la CICR, y la cooperaci\u00f3n con la Media Luna Roja \u00c1rabe Siria, lo cual contribuye a asegurar la prestaci\u00f3n de los servicios de la Cruz Roja a los diversos segmentos de la sociedad sirias afectados por la guerra terrorista y las medidas econ\u00f3micas injustas impuestas a Siria.<\/p>\n<p style=\"text-align: justify;\">El canciller resalt\u00f3 la confianza que se hab\u00eda construido en los \u00faltimos a\u00f1os entre las dos partes y ratific\u00f3 el compromiso de la parte siria de proporcionar todas las facilidades y el apoyo al trabajo del Comit\u00e9 Internacional de la Cruz Roja en el territorio sirio.<\/p>\n<p style=\"text-align: justify;\">Inst\u00f3 a la importancia de que la CICR cumpla con los principios de la acci\u00f3n humanitaria y no permitir que ninguna de las partes influya en su trabajo o politice algunos de sus proyectos y perjudique la relaci\u00f3n positiva que se construy\u00f3 con Siria durante los \u00faltimos a\u00f1os.<\/p>\n<p style=\"text-align: justify;\">Por su parte, Maurer expres\u00f3 el orgullo de su organizaci\u00f3n por la distinguida relaci\u00f3n que tiene con la Rep\u00fablica \u00c1rabe Siria y agradeci\u00f3 al gobierno sirio por el gran apoyo y las facilidades prestadas para el trabajo del equipo de la CICR en Siria.<\/p>\n<p style=\"text-align: justify;\">Por su parte, el vicecanciller sirio Faisal Mekdad, recibi\u00f3 al presidente del CICR, y le expres\u00f3 el agradecimiento por los esfuerzos del CICR en el campo humanitario en Siria.<\/p>\n<p style=\"text-align: justify;\">Llam\u00f3 a la necesidad de que las organizaciones internacionales que operan en Siria, incluido el Comit\u00e9 Internacional de la Cruz Roja, presten mucha atenci\u00f3n a las \u00e1reas recientemente liberadas por el Ej\u00e9rcito \u00c1rabe Sirio y sus aliados en las provincias de Idleb, Alepo y Hama.<\/p>\n<p style=\"text-align: justify;\"><strong><span style=\"color: #0000ff;\">Presidente del CICR: el bloqueo econ\u00f3mico impuesto a Siria tiene un directo impacto en la sociedad y la econom\u00eda<\/span><\/strong><\/p>\n<p style=\"text-align: justify;\">El presidente del Comit\u00e9 Internacional de la Cruz Roja (CICR),Peter Maurer, subray\u00f3 que el embargo econ\u00f3mico impuesto a Siria tiene un gran impacto en la sociedad y la econom\u00eda del pa\u00eds, lo que se refleja en las necesidades humanas b\u00e1sicas.<\/p>\n<p style=\"text-align: justify;\">Maurer se\u00f1al\u00f3 en una conferencia de prensa conjunta celebrada en Damasco con el presidente de la Media Luna Roja \u00c1rabe Siria (MLRAS), Khaled Habbouti, que las necesidades humanitarias de las personas en Siria est\u00e1n aumentando debido a la guerra y el deseo de los ciudadanos de regresar a sus hogares en las \u00e1reas liberadas, lo que exige reconstruir la infraestructura adecuada.<\/p>\n<p style=\"text-align: justify;\">Explic\u00f3 que los desaf\u00edos actuales no se limitan a satisfacer y prestar las necesidades humanitarias adecuadas sino en la politizaci\u00f3n de la crisis en Siria, especialmente en Idleb lo cual crea un gran desaf\u00edo para la labor humanitario.<\/p>\n<p style=\"text-align: justify;\">El presidente de la CICR punte\u00f3 que Siria recibir\u00e1 una mayor atenci\u00f3n del Comit\u00e9 Internacional de la Cruz Roja durante los pr\u00f3ximos meses y a\u00f1os para satisfacer las necesidades humanitarias.<\/p>\n<p style=\"text-align: justify;\">En otra parte de sus declaraciones, dej\u00f3 claro que sus conversaciones con el ministro de Exteriores, Walid al-Moallem, y con el viceministro Faisal Mekdad, fueron importantes.<\/p>\n<p style=\"text-align: justify;\">\u201cHemos expresado nuestro compromiso de hacer lo que podamos para crear una atm\u00f3sfera segura para proporcionar asistencia humanitaria a los necesitados\u201d aclar\u00f3.<\/p>\n<p style=\"text-align: justify;\">Maurer enfatiz\u00f3 que la MLRAS es un socio clave para las actividades del CICR en Siria, y apreci\u00f3 la estrecha cooperaci\u00f3n durante nueve a\u00f1os en varios campos.<\/p>\n<p style=\"text-align: justify;\">A su vez, Habbouti detall\u00f3 que la MLRAS est\u00e1 completando su papel de apoyar a los afectados por la crisis en su d\u00e9cimo a\u00f1o, y la Cruz Roja es un socio principal, y los servicios prestados hasta finales de 2019 llegaron a millones de personas.<\/p>\n<p style=\"text-align: justify;\">La Media Luna Roja \u00c1rabe Siria opera a trav\u00e9s de una red de voluntarios que superan los 12.000, y proporcion\u00f3 65 m\u00e1rtires durante los a\u00f1os de la guerra terrorista en Siria.<\/p>\n<p style=\"text-align: justify;\"><strong><span style=\"color: #0000ff;\">Asciende a m\u00e1s de 6300 las solicitudes de candidatura al Consejo del Pueblo hasta la fecha<\/span><\/strong><\/p>\n<p style=\"text-align: justify;\">La Suprema Comisi\u00f3n Judicial Electoral declar\u00f3 que el n\u00famero de solicitudes a la candidatura de las elecciones de la Asamblea del Pueblo (Parlamento) ascendi\u00f3 a 6390 en las diferentes provincias.<\/p>\n<p style=\"text-align: justify;\">El miembro de la Comisi\u00f3n, Nouri Fares, declar\u00f3 que hoy jueves es el \u00faltimo d\u00eda de recibir solicitudes.<\/p>\n<p style=\"text-align: justify;\">La Comisi\u00f3n Electoral anunci\u00f3 el 5 del mes en curso que comenzar\u00e1 a recibir solicitudes de candidatura para las elecciones de la Asamblea del Pueblo.<\/p>\n<p style=\"text-align: justify;\">El presidente Bashar al-Assad, emiti\u00f3 el 3\u00a0 del mes en curso el decreto No. 76 del 2020 que fija el 13 de abril pr\u00f3ximo como fecha para las elecciones de la Asamblea del Pueblo (parlamento), para tercera legislatura.<\/p>\n<p style=\"text-align: justify;\">Unos 250 diputados ser\u00e1n elegidos, de los cuales 127 representar\u00e1n a los trabajadores y campesinos.<\/p>\n<p style=\"text-align: justify;\"><strong><span style=\"color: #0000ff;\">Ej\u00e9rcito entra en sedes y plantas de terroristas para fabricar armas y municiones en el oeste de Alepo<\/span><\/strong><\/p>\n<p style=\"text-align: justify;\">El ej\u00e9rcito sirio entr\u00f3 hoy en sedes y plantas para fabricar municiones y armas de las agrupaciones terroristas en las localidades de Kafernaha, Uejel y Anjara, en el oeste de la provincia de Alepo, 355 km al norte de Damasco.<\/p>\n<p style=\"text-align: justify;\">En este contexto, una fuente militar inform\u00f3 que los uniformados sirios hallaron dos talleres para la fabricaci\u00f3n de municiones y diferentes tipos de proyectiles, incluidos los morteros en una instalaci\u00f3n que antes produc\u00eda estufas en la localidad de Kafarnaha. Asimismo, encontraron misiles, sustancias explosivas, adem\u00e1s de cohetes de 40 kg de peso cada uno, y peque\u00f1os proyectiles de mortero en un antiguo taller de textiles en la localidad de Uejel.<\/p>\n<p style=\"text-align: justify;\">En la localidad de Anyara, la fuente agreg\u00f3 que el ej\u00e9rcito encontr\u00f3 una sede de grupos terroristas construida dentro de un monte rocoso.<\/p>\n<p style=\"text-align: justify;\">En este centro, las unidades castrenses confiscaron una variedad de proyectiles y granadas caseras, sustancias qu\u00edmicas y t\u00f3xicas almacenadas en barriles pl\u00e1sticos que iban a ser utilizadas por los llamados \u201cCascos Blancos\u201d, adem\u00e1s de carn\u00e9s de identidad de los terroristas, y documentos que abarcan ordenes de ejecuci\u00f3n dictados por el cabecilla saudita Abdullah al-Muhaiseni.<\/p>\n<p style=\"text-align: justify;\">Cabe se\u00f1alar que el Ej\u00e9rcito encontr\u00f3 en la v\u00edspera una de las principales sedes del cabecilla de la organizaci\u00f3n terrorista del Frente de al-Nousra, el llamado \u201cAbu Mohamad al-Golani\u201d en la zona de Anyara a 15 km l oeste de la ciudad de Alepo.<\/p>\n<p style=\"text-align: justify;\"><strong><span style=\"color: #0000ff;\">Obras en marcha para reapertura de la autopista M-4 entre Alepo y Latakia<\/span><\/strong><\/p>\n<p style=\"text-align: justify;\">Los equipos de t\u00e9cnicos y trabajadores levantaron las barreras y removieron los mont\u00edculos para la reapertura de la autopista M-4 que comunica las provincias de \u00a0Alepo y Latakia a trav\u00e9s de la provincia de Idleb.<\/p>\n<p style=\"text-align: justify;\">Dicha autov\u00eda se mantuvo cerrada hace a\u00f1os debido a la presencia terroristas.<\/p>\n<p style=\"text-align: justify;\">El gobernador de Latakia, Ibrahim al-Salem, declar\u00f3 que las obras concluyeron en aproximadamente 40 km de la carretera y solo queda un tramo de 7 km dentro de los l\u00edmites administrativos de la gobernaci\u00f3n, que ser\u00e1\u00a0 trabajado durante los pr\u00f3ximos d\u00edas si las circunstancias lo permiten.<\/p>\n<p style=\"text-align: justify;\">Las obras incluyen limpieza completa de la carretera, la apertura de canales de drenaje de agua y provisi\u00f3n de factores de seguridad vial como las se\u00f1ales de identificaci\u00f3n.<\/p>\n<p style=\"text-align: justify;\">La autopista M-4 conecta las provincias de Latakia y Alepo a trav\u00e9s de la provincia de Idleb, y su reapertura es una traducci\u00f3n de las victorias del ej\u00e9rcito sirio.<\/p>\n<p style=\"text-align: justify;\"><span style=\"color: #0000ff;\"><strong>Con capacidad diaria de recibir a 1200 pacientes, inauguran nuevo departamento de urgencias en el hospital de Damasco<\/strong><\/span><\/p>\n<p style=\"text-align: justify;\">A un costo superior a mil millones de libras sirias (equivalente a dos millones de USD), se inaugur\u00f3 un nuevo departamento de urgencias m\u00e9dicas en el hospital \u201cMuytahed\u201d de Damasco.<\/p>\n<p style=\"text-align: justify;\">La nueva secci\u00f3n que da cabida a m\u00e1s de 1200 pacientes a diario, abarca cuatro unidades de cirug\u00eda, patolog\u00eda, pediatr\u00eda y cuidados intensivos, adem\u00e1s de un laboratorio y una unidad de radiolog\u00eda.<\/p>\n<p style=\"text-align: justify;\">El nuevo departamento puede atender a 21 pacientes a la vez y este n\u00famero podr\u00eda aumentar a 42 en casos de emergencia.<\/p>\n<p style=\"text-align: justify;\">El ministro de Salud, Nizar Wahba Yazji, declar\u00f3 que se complet\u00f3 el trabajo en esta secci\u00f3n nueva del hospital en dos a\u00f1os y est\u00e1 equipado con aparatos m\u00e9dicos modernos y con personal m\u00e9dico cualificado, y proporcionar\u00e1 sus servicios de forma gratuita.<\/p>\n<p style=\"text-align: justify;\">El ministro Yazji se\u00f1al\u00f3 que el ministerio contin\u00faa sus esfuerzos para reconstruir los hospitales da\u00f1ados por el terrorismo, y durante el a\u00f1o pasado fueron inaugurados tres hospitales nuevos y se trabaja para reabrir dos hospitales oncol\u00f3gicos en Alepo y Homs.<\/p>\n<p style=\"text-align: justify;\"><strong><span style=\"color: #0000ff;\">Provincia siria de Deir Ezzor recupera su sector de agua potable<\/span><\/strong><\/p>\n<p style=\"text-align: justify;\">El sector de agua potable en la provincia oriental de Deir Ezzor presencia una notable mejora desde la liberaci\u00f3n de la provincia del terrorismo del Daesh en el a\u00f1o 2017.<\/p>\n<p style=\"text-align: justify;\">El Gerente de la Empresa de Agua en Deir Ezzor, Rabie Al Ali, afirm\u00f3 que inmediatamente despu\u00e9s de la liberaci\u00f3n de amplias zonas del terrorismo, su entidad comenz\u00f3 a rehabilitar las plantas de agua y ponerlas en servicio para satisfacer las necesidad de la poblaci\u00f3n.<\/p>\n<p style=\"text-align: justify;\">\u201cEl n\u00famero de plantas de bombeo de agua ascendi\u00f3 de una en 2017 a 57 en la actualidad\u201d, revel\u00f3.<\/p>\n<p style=\"text-align: justify;\">Explic\u00f3 que las plantas cubren actualmente la cabecera provincial y todos los municipios, y la prioridad se da para aquellas comunidades que presencian un creciente retorno de los desplazados a sus hogares.<\/p>\n<p style=\"text-align: justify;\">Seg\u00fan Al Ali, la empresa est\u00e1 trabajando actualmente en la implementaci\u00f3n de varios proyectos, incluida la rehabilitaci\u00f3n de la planta en Bukamal, adem\u00e1s de reparar las redes de agua potable en los barrios de la capital provincial.<\/p>\n<p style=\"text-align: justify;\"><strong><span style=\"color: #0000ff;\">Siria est\u00e1 libre hasta la fecha de casos con Covid-19<\/span><\/strong><\/p>\n<p style=\"text-align: justify;\">El ministro de Salud, Nizar Yazji, afirm\u00f3 que &#8220;hasta ahora no hay infectados con el nuevo coronavirus en Siria&#8221;, se\u00f1al\u00f3 que cualquier caso sospechoso se env\u00eda a los laboratorios de salud p\u00fablica que disponen de\u00a0 todos los equipos para detectar el virus y confirmar o negar cualquier infecciones sospechosas.<\/p>\n<p style=\"text-align: justify;\">Aclar\u00f3 que los ex\u00e1menes m\u00e9dicos del presunto caso de Coronavirus en el Hospital Universitario Mouwasat, dieron un resultado negativo y que el paciente padec\u00eda de neumon\u00eda.<\/p>\n<p style=\"text-align: justify;\">Algunas p\u00e1ginas de redes sociales divulgaron rumores sobre una mujer supuestamente infectada con coronavirus (COVID-19) en el Hospital Universitario de al-Mouwasat.<\/p>\n<p style=\"text-align: justify;\">Seg\u00fan el titular, el caso en el Hospital Mouwasat tiene una neumon\u00eda doble cuyos s\u00edntomas son similares a las del virus Corona.<\/p>\n<p style=\"text-align: justify;\">Yazji dijo que desde el comienzo del anuncio de la propagaci\u00f3n del virus en China, el ministerio tom\u00f3 las precauciones y medidas preventivas necesarias en los puntos fronterizos y aeropuertos para garantizar la seguridad de quienes llegan al pa\u00eds, adem\u00e1s de garantizar un centro de cuarentena en el suburbio Dwer en las afueras de Damasco.<\/p>\n<p style=\"text-align: justify;\">El ministerio, en cooperaci\u00f3n con la Organizaci\u00f3n Mundial de la Salud, prepar\u00f3 un laboratorio para confirmar casos sospechosos de coronavirus, y hay 1126 centros de salud distribuidos en toda Siria y est\u00e1n equipados para monitorear enfermedades transmisibles.<\/p>\n<p style=\"text-align: justify;\"><strong><span style=\"color: #0000ff;\">Anuncia Kazajist\u00e1n posible aplazamiento de nueva ronda de conversaciones de Astan\u00e1 sobre Siria<\/span><\/strong><\/p>\n<p style=\"text-align: justify;\">El ministro de Exteriores de Kazajst\u00e1n, Mukhtar Tileuberdi, anunci\u00f3 hoy que podr\u00eda retrasarse la celebraci\u00f3n de una nueva ronda de conversaciones de Astan\u00e1 sobre Siria.<\/p>\n<p style=\"text-align: justify;\">Tileuberdi dijo que despu\u00e9s de concluir la reuni\u00f3n anterior en diciembre pasado, se hizo una propuesta para celebrar una segunda en marzo, pero la situaci\u00f3n ha cambiado ahora, y es muy posible que se suspenda.<\/p>\n<p style=\"text-align: justify;\">La decimocuarta ronda de conversaciones de Astan\u00e1 se celebr\u00f3 en Nursultan del 10 al 11 de diciembre pasado y, al concluir, los estados garantes del proceso de Astan\u00e1 ratificaron su adhesi\u00f3n a la soberan\u00eda e integridad territorial de Siria.<\/p>\n<p style=\"text-align: justify;\">Asimismo, reiteraron la cooperaci\u00f3n continua hasta eliminar las organizaciones terroristas en el pa\u00eds y su rechazo a las agendas separatistas que apuntan a socavar la soberan\u00eda e integridad territorial de Siria.<\/p>\n<p style=\"text-align: justify;\"><strong><span style=\"color: #0000ff;\">Pol\u00edtico turco responsabiliza a Erdo\u011fan por la crisis en Siria<\/span><\/strong><\/p>\n<p style=\"text-align: justify;\">El jefe del Partido Republicano de Turqu\u00ed,Kemal K\u0131l\u0131\u00e7daro\u011flu, responsabiliz\u00f3 nuevamente al presidente, Recep Tayyip Erdo\u011fan, por avivar la crisis en Siria mediante su constante apoyo a los grupos terroristas, lo cual sirve solo los planes de EEUU en el marco del llamado \u201cNuevo Oriente Medio\u201d.<\/p>\n<p style=\"text-align: justify;\">Durante la reuni\u00f3n de su bloque parlamentario, el pol\u00edtico critic\u00f3 que todo lo que hizo Erdo\u011fan en Siria y la regi\u00f3n es servir los esquemas de Washington, y agreg\u00f3 que el mandatario turco cooper\u00f3 con EEUU para financiar, armar y entrenar a los terroristas.<\/p>\n<p style=\"text-align: justify;\">Fustig\u00f3 que Erdo\u011fan practica la pol\u00edtica de mentiras, puesto que en Mosc\u00fa, \u00e9l reconoci\u00f3 la necesidad de mantener la integridad territorial y la soberan\u00eda de Siria, as\u00ed como se comprometi\u00f3 con luchar contra el terrorismo, al mismo tiempo que sigue prestando apoyo a estos grupos en Idleb.<\/p>\n<p style=\"text-align: justify;\"><strong><span style=\"color: #0000ff;\">Mueren tres civiles por explosi\u00f3n de una mina remanente de terroristas en Hama<\/span><\/strong><\/p>\n<p style=\"text-align: justify;\">Tres civiles perdieron la vida\u00a0 por el estallido de una mina remanente de las agrupaciones terroristas en la ciudad de Mork, en el norte de la provincia central de Hama, ubicada a 310 km al norte de la capital Damasco.<\/p>\n<p style=\"text-align: justify;\">Seg\u00fan report\u00f3 el corresponsal de SANA, la mina explot\u00f3 en una tierra agr\u00edcola.<\/p>\n<p style=\"text-align: justify;\">En la v\u00edspera, un ni\u00f1o fue lesionado por de la detonaci\u00f3n de una mina dejada por los terroristas en la regi\u00f3n de Ghouta Oriental, al este de Damasco.<\/p>\n<p style=\"text-align: justify;\">Semejantes incidentes son muy frecuentes en las zonas que estaban bajo dominio de los radicales que colocaban bombas y minas antes de su derrota a manos del ej\u00e9rcito.<\/p>\n<p style=\"text-align: justify;\"><strong><span style=\"color: #0000ff;\">Hallan cad\u00e1ver de ballena en la costa siria<\/span><\/strong><\/p>\n<p style=\"text-align: justify;\">Varios pescadores hallaron una ballena muerta en una playa cerca de la ciudad de Banias, en la costa siria del Mediterr\u00e1neo.<\/p>\n<p style=\"text-align: justify;\">\u201cSeg\u00fan las referencias cient\u00edficas, la ballena es del tipo \u201cminke del norte\u201d, una especie que no se hab\u00eda observado previamente en las costas de\u00a0 Siria\u201d, dijo Alaa Sheikh Ahmed, director de pesca en la regi\u00f3n costera.<\/p>\n<p style=\"text-align: justify;\">Agreg\u00f3 que tales animales marinos viven en los fr\u00edos oc\u00e9anos y raras veces entran al mar Mediterr\u00e1neo.<\/p>\n<p style=\"text-align: justify;\">\u201cLa ballena mide aproximadamente 3.5 metros de largo y 500 kg de peso\u201d, detall\u00f3.<\/p>\n<p style=\"text-align: justify;\"><strong>Para actualizarse m\u00e1s de Siria y ver videos, fotos y reportajes en espa\u00f1ol s\u00edguenos en<\/strong><\/p>\n<p style=\"text-align: justify;\">nuestro sitio <a href=\"https:\/\/www.sana.sy\/es\/\"><strong>https:\/\/www.sana.sy\/es\/<\/strong><\/a>,<\/p>\n<p style=\"text-align: justify;\">nuestras p\u00e1ginas en Facebook <a href=\"https:\/\/www.facebook.com\/SANA.Noticias\/\"><strong>https:\/\/www.facebook.com\/SANA.Noticias\/<\/strong><\/a><\/p>\n<p style=\"text-align: justify;\">y en Twitter <a href=\"https:\/\/twitter.com\/SanaAgencia\"><strong>https:\/\/twitter.com\/SanaAgencia<\/strong><\/a><strong>.<\/strong><\/p>\n<p style=\"text-align: justify;\"><strong>Cont\u00e1ctenos: <\/strong><\/p>\n<p style=\"text-align: justify;\"><strong>agenciasiriasana<\/strong><strong>@<\/strong><strong>gmail.com<\/strong><\/p>\n<p style=\"text-align: justify;\"><strong>Tel\u00e9fono: 00 963 11 5490700<\/strong><\/p>\n","protected":false},"excerpt":{"rendered":"<p>Damasco,SANA Les ofrecemos a continuaci\u00f3n, un resumen de las m\u00e1s destacadas noticias de Siria publicadas por nuestra agencia: Canciller sirio recibe a Maurer y destaca importancia de no permitir la politizaci\u00f3n que los proyectos de la CICR El viceprimer ministro y ministro de Exteriores y Expatriados, Walid al-Moallem, recibi\u00f3 hoy en la sede de Canciller\u00eda, &hellip;<\/p>\n","protected":false},"author":35,"featured_media":134088,"comment_status":"closed","ping_status":"closed","sticky":false,"template":"","format":"standard","meta":{"footnotes":""},"categories":[555,597],"tags":[],"class_list":["post-134087","post","type-post","status-publish","format-standard","has-post-thumbnail","","category-prensa","category-cinta-de-noticias"],"_links":{"self":[{"href":"https:\/\/archive.sana.sy\/es\/index.php?rest_route=\/wp\/v2\/posts\/134087"}],"collection":[{"href":"https:\/\/archive.sana.sy\/es\/index.php?rest_route=\/wp\/v2\/posts"}],"about":[{"href":"https:\/\/archive.sana.sy\/es\/index.php?rest_route=\/wp\/v2\/types\/post"}],"author":[{"embeddable":true,"href":"https:\/\/archive.sana.sy\/es\/index.php?rest_route=\/wp\/v2\/users\/35"}],"replies":[{"embeddable":true,"href":"https:\/\/archive.sana.sy\/es\/index.php?rest_route=%2Fwp%2Fv2%2Fcomments&post=134087"}],"version-history":[{"count":0,"href":"https:\/\/archive.sana.sy\/es\/index.php?rest_route=\/wp\/v2\/posts\/134087\/revisions"}],"wp:featuredmedia":[{"embeddable":true,"href":"https:\/\/archive.sana.sy\/es\/index.php?rest_route=\/wp\/v2\/media\/134088"}],"wp:attachment":[{"href":"https:\/\/archive.sana.sy\/es\/index.php?rest_route=%2Fwp%2Fv2%2Fmedia&parent=134087"}],"wp:term":[{"taxonomy":"category","embeddable":true,"href":"https:\/\/archive.sana.sy\/es\/index.php?rest_route=%2Fwp%2Fv2%2Fcategories&post=134087"},{"taxonomy":"post_tag","embeddable":true,"href":"https:\/\/archive.sana.sy\/es\/index.php?rest_route=%2Fwp%2Fv2%2Ftags&post=134087"}],"curies":[{"name":"wp","href":"https:\/\/api.w.org\/{rel}","templated":true}]}}