{"id":134124,"date":"2020-03-11T06:44:01","date_gmt":"2020-03-11T04:44:01","guid":{"rendered":"http:\/\/sana.sy\/es\/?p=134124"},"modified":"2023-01-10T15:15:19","modified_gmt":"2023-01-10T13:15:19","slug":"planta-de-calzados-vuelven-a-producir-en-provincia-de-deraa","status":"publish","type":"post","link":"https:\/\/archive.sana.sy\/es\/?p=134124","title":{"rendered":"Planta de calzados vuelven a producir en provincia de Deraa"},"content":{"rendered":"<p style=\"text-align: justify;\"><span style=\"color: #800000;\"><strong>Deraa, SANA<\/strong><\/span><\/p>\n<p style=\"text-align: justify;\">La f\u00e1brica de calzados en la provincia sure\u00f1a de Deraa volvi\u00f3 a producir tras una interrupci\u00f3n que dur\u00f3 siete a\u00f1os ya que sufri\u00f3 destrucci\u00f3n y saqueo de su maquinaria por parte de las agrupaciones radicales.<\/p>\n<p style=\"text-align: justify;\">Khaled Khalil, el supervisor de la f\u00e1brica indic\u00f3 que los trabajadores hab\u00edan estado sin trabajo durante aproximadamente siete a\u00f1os, y la planta volvi\u00f3 a funcionar tras suministrarla con las m\u00e1quinas necesarias.<\/p>\n<p style=\"text-align: justify;\">Antes la guerra en 2011, la f\u00e1brica produc\u00eda caso 83 mil pares de zapatos.<\/p>\n<p style=\"text-align: justify;\"><span style=\"color: #0000ff;\"><strong>E.D\/F.M<\/strong><\/span><\/p>\n<p style=\"text-align: justify;\">\n","protected":false},"excerpt":{"rendered":"<p>Deraa, SANA La f\u00e1brica de calzados en la provincia sure\u00f1a de Deraa volvi\u00f3 a producir tras una interrupci\u00f3n que dur\u00f3 siete a\u00f1os ya que sufri\u00f3 destrucci\u00f3n y saqueo de su maquinaria por parte de las agrupaciones radicales. Khaled Khalil, el supervisor de la f\u00e1brica indic\u00f3 que los trabajadores hab\u00edan estado sin trabajo durante aproximadamente siete &hellip;<\/p>\n","protected":false},"author":34,"featured_media":134128,"comment_status":"closed","ping_status":"closed","sticky":false,"template":"","format":"standard","meta":{"footnotes":""},"categories":[447,477,597,485,573,476,457,7541],"tags":[],"class_list":["post-134124","post","type-post","status-publish","format-standard","has-post-thumbnail","","category-local-politica","category-noticias-edulcorantes","category-cinta-de-noticias","category-informes-negocios-y-finanzas","category-la-realidad-de-los-acontecimientos-en-siria","category-locales","category-noticias-arabe-internacional-politica","category-ultimas-noticias"],"_links":{"self":[{"href":"https:\/\/archive.sana.sy\/es\/index.php?rest_route=\/wp\/v2\/posts\/134124"}],"collection":[{"href":"https:\/\/archive.sana.sy\/es\/index.php?rest_route=\/wp\/v2\/posts"}],"about":[{"href":"https:\/\/archive.sana.sy\/es\/index.php?rest_route=\/wp\/v2\/types\/post"}],"author":[{"embeddable":true,"href":"https:\/\/archive.sana.sy\/es\/index.php?rest_route=\/wp\/v2\/users\/34"}],"replies":[{"embeddable":true,"href":"https:\/\/archive.sana.sy\/es\/index.php?rest_route=%2Fwp%2Fv2%2Fcomments&post=134124"}],"version-history":[{"count":0,"href":"https:\/\/archive.sana.sy\/es\/index.php?rest_route=\/wp\/v2\/posts\/134124\/revisions"}],"wp:featuredmedia":[{"embeddable":true,"href":"https:\/\/archive.sana.sy\/es\/index.php?rest_route=\/wp\/v2\/media\/134128"}],"wp:attachment":[{"href":"https:\/\/archive.sana.sy\/es\/index.php?rest_route=%2Fwp%2Fv2%2Fmedia&parent=134124"}],"wp:term":[{"taxonomy":"category","embeddable":true,"href":"https:\/\/archive.sana.sy\/es\/index.php?rest_route=%2Fwp%2Fv2%2Fcategories&post=134124"},{"taxonomy":"post_tag","embeddable":true,"href":"https:\/\/archive.sana.sy\/es\/index.php?rest_route=%2Fwp%2Fv2%2Ftags&post=134124"}],"curies":[{"name":"wp","href":"https:\/\/api.w.org\/{rel}","templated":true}]}}