{"id":134130,"date":"2020-03-12T04:21:24","date_gmt":"2020-03-12T02:21:24","guid":{"rendered":"http:\/\/sana.sy\/es\/?p=134130"},"modified":"2023-01-10T14:33:52","modified_gmt":"2023-01-10T12:33:52","slug":"unos-30-proyectos-industriales-entran-en-fase-productiva-en-provincia-de-damasco-campo","status":"publish","type":"post","link":"https:\/\/archive.sana.sy\/es\/?p=134130","title":{"rendered":"Unos 30 proyectos industriales entran en fase productiva en provincia de Damasco-Campo"},"content":{"rendered":"<p style=\"text-align: justify;\"><strong><span style=\"color: #800000;\">Damasco, SANA<\/span><\/strong><\/p>\n<p style=\"text-align: justify;\">El director de Industria en la provincia de Damasco-campo, Mohamed Fayad, explic\u00f3 que se puso en marcha una plan integral para promover el sector industrial.<\/p>\n<p style=\"text-align: justify;\">El objetivo del plan, seg\u00fan Fayad, es la recuperaci\u00f3n de las instalaciones afectadas del sector p\u00fablico .<\/p>\n<p style=\"text-align: justify;\">En una declaraci\u00f3n a la agencia SANA, aclar\u00f3 se est\u00e1 centrando en el apoyo a las industrias estrat\u00e9gicas y proporcionar incentivos para la inversi\u00f3n industrial.<\/p>\n<p style=\"text-align: justify;\">\u201cSe adoptaron medidas gubernamentales para mejorar la producci\u00f3n local y facilitar el retorno de todos los industriales a sus instalaciones\u201d, subray\u00f3.<\/p>\n<p style=\"text-align: justify;\">Indic\u00f3 que 29 plantas industriales han vuelto a producir mientras se otorg\u00f3 licencias para 60 instalaciones industriales nuevas durante los \u00faltimos meses.<\/p>\n<p style=\"text-align: justify;\"><strong><span style=\"color: #0000ff;\">W.S\/F.M<\/span><\/strong><\/p>\n<p style=\"text-align: justify;\">\n","protected":false},"excerpt":{"rendered":"<p>Damasco, SANA El director de Industria en la provincia de Damasco-campo, Mohamed Fayad, explic\u00f3 que se puso en marcha una plan integral para promover el sector industrial. El objetivo del plan, seg\u00fan Fayad, es la recuperaci\u00f3n de las instalaciones afectadas del sector p\u00fablico . En una declaraci\u00f3n a la agencia SANA, aclar\u00f3 se est\u00e1 centrando &hellip;<\/p>\n","protected":false},"author":35,"featured_media":134131,"comment_status":"closed","ping_status":"closed","sticky":false,"template":"","format":"standard","meta":{"footnotes":""},"categories":[447,477,597,485,7541],"tags":[],"class_list":["post-134130","post","type-post","status-publish","format-standard","has-post-thumbnail","","category-local-politica","category-noticias-edulcorantes","category-cinta-de-noticias","category-informes-negocios-y-finanzas","category-ultimas-noticias"],"_links":{"self":[{"href":"https:\/\/archive.sana.sy\/es\/index.php?rest_route=\/wp\/v2\/posts\/134130"}],"collection":[{"href":"https:\/\/archive.sana.sy\/es\/index.php?rest_route=\/wp\/v2\/posts"}],"about":[{"href":"https:\/\/archive.sana.sy\/es\/index.php?rest_route=\/wp\/v2\/types\/post"}],"author":[{"embeddable":true,"href":"https:\/\/archive.sana.sy\/es\/index.php?rest_route=\/wp\/v2\/users\/35"}],"replies":[{"embeddable":true,"href":"https:\/\/archive.sana.sy\/es\/index.php?rest_route=%2Fwp%2Fv2%2Fcomments&post=134130"}],"version-history":[{"count":0,"href":"https:\/\/archive.sana.sy\/es\/index.php?rest_route=\/wp\/v2\/posts\/134130\/revisions"}],"wp:featuredmedia":[{"embeddable":true,"href":"https:\/\/archive.sana.sy\/es\/index.php?rest_route=\/wp\/v2\/media\/134131"}],"wp:attachment":[{"href":"https:\/\/archive.sana.sy\/es\/index.php?rest_route=%2Fwp%2Fv2%2Fmedia&parent=134130"}],"wp:term":[{"taxonomy":"category","embeddable":true,"href":"https:\/\/archive.sana.sy\/es\/index.php?rest_route=%2Fwp%2Fv2%2Fcategories&post=134130"},{"taxonomy":"post_tag","embeddable":true,"href":"https:\/\/archive.sana.sy\/es\/index.php?rest_route=%2Fwp%2Fv2%2Ftags&post=134130"}],"curies":[{"name":"wp","href":"https:\/\/api.w.org\/{rel}","templated":true}]}}